{"id":281,"date":"2019-03-09T01:58:31","date_gmt":"2019-03-08T23:58:31","guid":{"rendered":"http:\/\/archerphoto.eu\/fotografia-valencia\/?p=281"},"modified":"2020-01-05T17:41:16","modified_gmt":"2020-01-05T15:41:16","slug":"manifestacion-del-dia-de-la-mujer-2019-en-valencia","status":"publish","type":"post","link":"https:\/\/pvgrkdwu.a2hosted.com\/fotografia-valencia\/manifestacion-del-dia-de-la-mujer-2019-en-valencia\/","title":{"rendered":"Manifestaci\u00f3n del D\u00eda de la Mujer 2019 en Valencia"},"content":{"rendered":"\n<p>Contar la importancia de que las mujeres consigan la igualdad real parece ser redundante. Valencia no est\u00e1 siendo en absoluto ajena a la lucha feminista y la manifestaci\u00f3n del 8 de marzo de 2019 fue masiva. A la huelga se incorporaron incluso las conselleras del gobierno auton\u00f3mico. La marea humana que transcurr\u00eda por el anillo que antiguamente ocupaban las murallas era espectacular. Yo hice algunas fotos ese d\u00eda y las dejo por aqu\u00ed.<\/p>\n\n\n\n<p>En algunas se puede ver a gente normal manifest\u00e1ndose, pero tambi\u00e9n hay un par de muestras del fuerte apoyo institucional del gobierno valenciano, con la vicepresidenta M\u00f3nica Oltra a la cabeza y la presencia del alcalde Joan Rib\u00f3, el presidente Ximo Puig o el conseller Vicent Soler.<\/p>\n\n\n\n<h4 class=\"wp-block-heading\">Galer\u00eda de fotos D\u00eda de la Mujer 2019 en Valencia<\/h4>\n\n\n\n<figure class=\"wp-block-gallery columns-3 is-cropped wp-block-gallery-1 is-layout-flex wp-block-gallery-is-layout-flex\"><ul class=\"blocks-gallery-grid\"><li class=\"blocks-gallery-item\"><figure><img loading=\"lazy\" decoding=\"async\" width=\"533\" height=\"800\" src=\"https:\/\/pvgrkdwu.a2hosted.com\/fotografia-valencia\/wp-content\/uploads\/2019\/03\/IMG_0728-small-fotografo-valencia-archerphoto.jpg\" alt=\"\" data-id=\"282\" data-link=\"https:\/\/pvgrkdwu.a2hosted.com\/fotografia-valencia\/?attachment_id=282\" class=\"wp-image-282\" srcset=\"https:\/\/pvgrkdwu.a2hosted.com\/fotografia-valencia\/wp-content\/uploads\/2019\/03\/IMG_0728-small-fotografo-valencia-archerphoto.jpg 533w, https:\/\/pvgrkdwu.a2hosted.com\/fotografia-valencia\/wp-content\/uploads\/2019\/03\/IMG_0728-small-fotografo-valencia-archerphoto-200x300.jpg 200w\" sizes=\"auto, (max-width: 533px) 100vw, 533px\" \/><\/figure><\/li><li class=\"blocks-gallery-item\"><figure><img loading=\"lazy\" decoding=\"async\" width=\"533\" height=\"800\" src=\"https:\/\/pvgrkdwu.a2hosted.com\/fotografia-valencia\/wp-content\/uploads\/2019\/03\/IMG_0758-small-fotografo-valencia-archerphoto.jpg\" alt=\"\" data-id=\"283\" data-link=\"https:\/\/pvgrkdwu.a2hosted.com\/fotografia-valencia\/?attachment_id=283\" class=\"wp-image-283\" srcset=\"https:\/\/pvgrkdwu.a2hosted.com\/fotografia-valencia\/wp-content\/uploads\/2019\/03\/IMG_0758-small-fotografo-valencia-archerphoto.jpg 533w, https:\/\/pvgrkdwu.a2hosted.com\/fotografia-valencia\/wp-content\/uploads\/2019\/03\/IMG_0758-small-fotografo-valencia-archerphoto-200x300.jpg 200w\" sizes=\"auto, (max-width: 533px) 100vw, 533px\" \/><\/figure><\/li><li class=\"blocks-gallery-item\"><figure><img loading=\"lazy\" decoding=\"async\" width=\"800\" height=\"533\" src=\"https:\/\/pvgrkdwu.a2hosted.com\/fotografia-valencia\/wp-content\/uploads\/2019\/03\/IMG_0797-small-fotografo-valencia-archerphoto.jpg\" alt=\"\" data-id=\"284\" data-link=\"https:\/\/pvgrkdwu.a2hosted.com\/fotografia-valencia\/?attachment_id=284\" class=\"wp-image-284\" srcset=\"https:\/\/pvgrkdwu.a2hosted.com\/fotografia-valencia\/wp-content\/uploads\/2019\/03\/IMG_0797-small-fotografo-valencia-archerphoto.jpg 800w, https:\/\/pvgrkdwu.a2hosted.com\/fotografia-valencia\/wp-content\/uploads\/2019\/03\/IMG_0797-small-fotografo-valencia-archerphoto-300x200.jpg 300w, https:\/\/pvgrkdwu.a2hosted.com\/fotografia-valencia\/wp-content\/uploads\/2019\/03\/IMG_0797-small-fotografo-valencia-archerphoto-768x512.jpg 768w, https:\/\/pvgrkdwu.a2hosted.com\/fotografia-valencia\/wp-content\/uploads\/2019\/03\/IMG_0797-small-fotografo-valencia-archerphoto-690x460.jpg 690w\" sizes=\"auto, (max-width: 800px) 100vw, 800px\" \/><figcaption class=\"blocks-gallery-item__caption\">Muixeranga frente a las Torres de Serrans.<\/figcaption><\/figure><\/li><li class=\"blocks-gallery-item\"><figure><img loading=\"lazy\" decoding=\"async\" width=\"800\" height=\"533\" src=\"https:\/\/pvgrkdwu.a2hosted.com\/fotografia-valencia\/wp-content\/uploads\/2019\/03\/IMG_0605-small-fotografo-valencia-archerphoto.jpg\" alt=\"\" data-id=\"285\" data-link=\"https:\/\/pvgrkdwu.a2hosted.com\/fotografia-valencia\/?attachment_id=285\" class=\"wp-image-285\" srcset=\"https:\/\/pvgrkdwu.a2hosted.com\/fotografia-valencia\/wp-content\/uploads\/2019\/03\/IMG_0605-small-fotografo-valencia-archerphoto.jpg 800w, https:\/\/pvgrkdwu.a2hosted.com\/fotografia-valencia\/wp-content\/uploads\/2019\/03\/IMG_0605-small-fotografo-valencia-archerphoto-300x200.jpg 300w, https:\/\/pvgrkdwu.a2hosted.com\/fotografia-valencia\/wp-content\/uploads\/2019\/03\/IMG_0605-small-fotografo-valencia-archerphoto-768x512.jpg 768w, https:\/\/pvgrkdwu.a2hosted.com\/fotografia-valencia\/wp-content\/uploads\/2019\/03\/IMG_0605-small-fotografo-valencia-archerphoto-690x460.jpg 690w\" sizes=\"auto, (max-width: 800px) 100vw, 800px\" \/><\/figure><\/li><li class=\"blocks-gallery-item\"><figure><img loading=\"lazy\" decoding=\"async\" width=\"800\" height=\"533\" src=\"https:\/\/pvgrkdwu.a2hosted.com\/fotografia-valencia\/wp-content\/uploads\/2019\/03\/IMG_0640-small-fotografo-valencia-archerphoto.jpg\" alt=\"\" data-id=\"286\" data-link=\"https:\/\/pvgrkdwu.a2hosted.com\/fotografia-valencia\/?attachment_id=286\" class=\"wp-image-286\" srcset=\"https:\/\/pvgrkdwu.a2hosted.com\/fotografia-valencia\/wp-content\/uploads\/2019\/03\/IMG_0640-small-fotografo-valencia-archerphoto.jpg 800w, https:\/\/pvgrkdwu.a2hosted.com\/fotografia-valencia\/wp-content\/uploads\/2019\/03\/IMG_0640-small-fotografo-valencia-archerphoto-300x200.jpg 300w, https:\/\/pvgrkdwu.a2hosted.com\/fotografia-valencia\/wp-content\/uploads\/2019\/03\/IMG_0640-small-fotografo-valencia-archerphoto-768x512.jpg 768w, https:\/\/pvgrkdwu.a2hosted.com\/fotografia-valencia\/wp-content\/uploads\/2019\/03\/IMG_0640-small-fotografo-valencia-archerphoto-690x460.jpg 690w\" sizes=\"auto, (max-width: 800px) 100vw, 800px\" \/><figcaption class=\"blocks-gallery-item__caption\">Joan Rib\u00f3, M\u00f3nica Oltra, Ximo Puig, Vicent Soler. <br\/><\/figcaption><\/figure><\/li><li class=\"blocks-gallery-item\"><figure><img loading=\"lazy\" decoding=\"async\" width=\"800\" height=\"533\" src=\"https:\/\/pvgrkdwu.a2hosted.com\/fotografia-valencia\/wp-content\/uploads\/2019\/03\/IMG_0669-small-fotografo-valencia-archerphoto.jpg\" alt=\"\" data-id=\"287\" data-link=\"https:\/\/pvgrkdwu.a2hosted.com\/fotografia-valencia\/?attachment_id=287\" class=\"wp-image-287\" srcset=\"https:\/\/pvgrkdwu.a2hosted.com\/fotografia-valencia\/wp-content\/uploads\/2019\/03\/IMG_0669-small-fotografo-valencia-archerphoto.jpg 800w, https:\/\/pvgrkdwu.a2hosted.com\/fotografia-valencia\/wp-content\/uploads\/2019\/03\/IMG_0669-small-fotografo-valencia-archerphoto-300x200.jpg 300w, https:\/\/pvgrkdwu.a2hosted.com\/fotografia-valencia\/wp-content\/uploads\/2019\/03\/IMG_0669-small-fotografo-valencia-archerphoto-768x512.jpg 768w, https:\/\/pvgrkdwu.a2hosted.com\/fotografia-valencia\/wp-content\/uploads\/2019\/03\/IMG_0669-small-fotografo-valencia-archerphoto-690x460.jpg 690w\" sizes=\"auto, (max-width: 800px) 100vw, 800px\" \/><\/figure><\/li><li class=\"blocks-gallery-item\"><figure><img loading=\"lazy\" decoding=\"async\" width=\"800\" height=\"533\" src=\"https:\/\/pvgrkdwu.a2hosted.com\/fotografia-valencia\/wp-content\/uploads\/2019\/03\/IMG_0677-small-fotografo-valencia-archerphoto.jpg\" alt=\"\" data-id=\"288\" data-link=\"https:\/\/pvgrkdwu.a2hosted.com\/fotografia-valencia\/?attachment_id=288\" class=\"wp-image-288\" srcset=\"https:\/\/pvgrkdwu.a2hosted.com\/fotografia-valencia\/wp-content\/uploads\/2019\/03\/IMG_0677-small-fotografo-valencia-archerphoto.jpg 800w, https:\/\/pvgrkdwu.a2hosted.com\/fotografia-valencia\/wp-content\/uploads\/2019\/03\/IMG_0677-small-fotografo-valencia-archerphoto-300x200.jpg 300w, https:\/\/pvgrkdwu.a2hosted.com\/fotografia-valencia\/wp-content\/uploads\/2019\/03\/IMG_0677-small-fotografo-valencia-archerphoto-768x512.jpg 768w, https:\/\/pvgrkdwu.a2hosted.com\/fotografia-valencia\/wp-content\/uploads\/2019\/03\/IMG_0677-small-fotografo-valencia-archerphoto-690x460.jpg 690w\" sizes=\"auto, (max-width: 800px) 100vw, 800px\" \/><\/figure><\/li><li class=\"blocks-gallery-item\"><figure><img loading=\"lazy\" decoding=\"async\" width=\"800\" height=\"533\" src=\"https:\/\/pvgrkdwu.a2hosted.com\/fotografia-valencia\/wp-content\/uploads\/2019\/03\/IMG_0686-small-fotografo-valencia-archerphoto.jpg\" alt=\"\" data-id=\"289\" data-link=\"https:\/\/pvgrkdwu.a2hosted.com\/fotografia-valencia\/?attachment_id=289\" class=\"wp-image-289\" srcset=\"https:\/\/pvgrkdwu.a2hosted.com\/fotografia-valencia\/wp-content\/uploads\/2019\/03\/IMG_0686-small-fotografo-valencia-archerphoto.jpg 800w, https:\/\/pvgrkdwu.a2hosted.com\/fotografia-valencia\/wp-content\/uploads\/2019\/03\/IMG_0686-small-fotografo-valencia-archerphoto-300x200.jpg 300w, https:\/\/pvgrkdwu.a2hosted.com\/fotografia-valencia\/wp-content\/uploads\/2019\/03\/IMG_0686-small-fotografo-valencia-archerphoto-768x512.jpg 768w, https:\/\/pvgrkdwu.a2hosted.com\/fotografia-valencia\/wp-content\/uploads\/2019\/03\/IMG_0686-small-fotografo-valencia-archerphoto-690x460.jpg 690w\" sizes=\"auto, (max-width: 800px) 100vw, 800px\" \/><\/figure><\/li><li class=\"blocks-gallery-item\"><figure><img loading=\"lazy\" decoding=\"async\" width=\"533\" height=\"800\" src=\"https:\/\/pvgrkdwu.a2hosted.com\/fotografia-valencia\/wp-content\/uploads\/2019\/03\/IMG_0701-small-fotografo-valencia-archerphoto.jpg\" alt=\"\" data-id=\"290\" data-link=\"https:\/\/pvgrkdwu.a2hosted.com\/fotografia-valencia\/?attachment_id=290\" class=\"wp-image-290\" srcset=\"https:\/\/pvgrkdwu.a2hosted.com\/fotografia-valencia\/wp-content\/uploads\/2019\/03\/IMG_0701-small-fotografo-valencia-archerphoto.jpg 533w, https:\/\/pvgrkdwu.a2hosted.com\/fotografia-valencia\/wp-content\/uploads\/2019\/03\/IMG_0701-small-fotografo-valencia-archerphoto-200x300.jpg 200w\" sizes=\"auto, (max-width: 533px) 100vw, 533px\" \/><figcaption class=\"blocks-gallery-item__caption\">Una Carme Alborch gigante como s\u00edmbolo del feminismo.<\/figcaption><\/figure><\/li><li class=\"blocks-gallery-item\"><figure><img loading=\"lazy\" decoding=\"async\" width=\"800\" height=\"533\" src=\"https:\/\/pvgrkdwu.a2hosted.com\/fotografia-valencia\/wp-content\/uploads\/2019\/03\/IMG_0715-small-fotografo-valencia-archerphoto.jpg\" alt=\"\" data-id=\"291\" data-link=\"https:\/\/pvgrkdwu.a2hosted.com\/fotografia-valencia\/?attachment_id=291\" class=\"wp-image-291\" srcset=\"https:\/\/pvgrkdwu.a2hosted.com\/fotografia-valencia\/wp-content\/uploads\/2019\/03\/IMG_0715-small-fotografo-valencia-archerphoto.jpg 800w, https:\/\/pvgrkdwu.a2hosted.com\/fotografia-valencia\/wp-content\/uploads\/2019\/03\/IMG_0715-small-fotografo-valencia-archerphoto-300x200.jpg 300w, https:\/\/pvgrkdwu.a2hosted.com\/fotografia-valencia\/wp-content\/uploads\/2019\/03\/IMG_0715-small-fotografo-valencia-archerphoto-768x512.jpg 768w, https:\/\/pvgrkdwu.a2hosted.com\/fotografia-valencia\/wp-content\/uploads\/2019\/03\/IMG_0715-small-fotografo-valencia-archerphoto-690x460.jpg 690w\" sizes=\"auto, (max-width: 800px) 100vw, 800px\" \/><\/figure><\/li><\/ul><\/figure>\n\n\n\n<p>Me llamo Sergi Albir, y soy <a href=\"http:\/\/archerphoto.eu\/\">fot\u00f3grafo profesional en Valencia<\/a>. Si quieres una sesi\u00f3n fotogr\u00e1fica de alg\u00fan tipo, o fotos para empresa o eventos, puedes contactar conmigo en el +34 644459753 (mejor por Whatsapp) o en\u00a0<a href=\"mailto:sergi@archerphoto.eu\">sergi@archerphoto.eu<\/a>.<br><\/p>\n","protected":false},"excerpt":{"rendered":"<p>Contar la importancia de que las mujeres consigan la igualdad real parece ser redundante. Valencia no est\u00e1 siendo en absoluto ajena a la lucha feminista y la manifestaci\u00f3n del 8 de marzo de 2019 fue masiva. A la huelga se incorporaron incluso las conselleras del gobierno auton\u00f3mico. La marea humana que transcurr\u00eda por el anillo [&hellip;]<\/p>\n","protected":false},"author":1,"featured_media":0,"comment_status":"open","ping_status":"open","sticky":false,"template":"","format":"standard","meta":{"footnotes":""},"categories":[1],"tags":[],"class_list":["post-281","post","type-post","status-publish","format-standard","hentry","category-uncategorized"],"_links":{"self":[{"href":"https:\/\/pvgrkdwu.a2hosted.com\/fotografia-valencia\/wp-json\/wp\/v2\/posts\/281","targetHints":{"allow":["GET"]}}],"collection":[{"href":"https:\/\/pvgrkdwu.a2hosted.com\/fotografia-valencia\/wp-json\/wp\/v2\/posts"}],"about":[{"href":"https:\/\/pvgrkdwu.a2hosted.com\/fotografia-valencia\/wp-json\/wp\/v2\/types\/post"}],"author":[{"embeddable":true,"href":"https:\/\/pvgrkdwu.a2hosted.com\/fotografia-valencia\/wp-json\/wp\/v2\/users\/1"}],"replies":[{"embeddable":true,"href":"https:\/\/pvgrkdwu.a2hosted.com\/fotografia-valencia\/wp-json\/wp\/v2\/comments?post=281"}],"version-history":[{"count":4,"href":"https:\/\/pvgrkdwu.a2hosted.com\/fotografia-valencia\/wp-json\/wp\/v2\/posts\/281\/revisions"}],"predecessor-version":[{"id":296,"href":"https:\/\/pvgrkdwu.a2hosted.com\/fotografia-valencia\/wp-json\/wp\/v2\/posts\/281\/revisions\/296"}],"wp:attachment":[{"href":"https:\/\/pvgrkdwu.a2hosted.com\/fotografia-valencia\/wp-json\/wp\/v2\/media?parent=281"}],"wp:term":[{"taxonomy":"category","embeddable":true,"href":"https:\/\/pvgrkdwu.a2hosted.com\/fotografia-valencia\/wp-json\/wp\/v2\/categories?post=281"},{"taxonomy":"post_tag","embeddable":true,"href":"https:\/\/pvgrkdwu.a2hosted.com\/fotografia-valencia\/wp-json\/wp\/v2\/tags?post=281"}],"curies":[{"name":"wp","href":"https:\/\/api.w.org\/{rel}","templated":true}]}}