{"id":183,"date":"2014-09-30T01:25:27","date_gmt":"2014-09-29T23:25:27","guid":{"rendered":"http:\/\/archerphoto.eu\/fotografia-valencia\/?p=183"},"modified":"2014-09-30T01:25:27","modified_gmt":"2014-09-29T23:25:27","slug":"barri-del-mercat","status":"publish","type":"post","link":"https:\/\/pvgrkdwu.a2hosted.com\/fotografia-valencia\/barri-del-mercat\/","title":{"rendered":"Barri del Mercat"},"content":{"rendered":"<p>Uno de los barrios del centro de Valencia. El Barri del Mercat, o Barrio del Mercado, es el m\u00e1s pr\u00f3ximo al Mercado Central, que es una pieza notable de arquitectura modernista. El barrio no es de ese estilo, sino que son viviendas m\u00e1s bien humildes mezcladas con alg\u00fan palacio ocasional. Este espacio era un arrabal extramuros en la Valencia \u00e1rabe, que ten\u00eda su muralla en la actual calle Caballeros, y donde quedan algunos restos integrados dentro de los edificios existentes. Hasta el S.XIV permaneci\u00f3 as\u00ed, quedando integrado con la construcci\u00f3n de la muralla posterior en el S.XIV. Junto al actual mercado se encontraba una mezquita, que dej\u00f3 paso en torno a 1240 a una iglesia de los Santos Juanes, pero no con su configuraci\u00f3n actual.<\/p>\n<p><a href=\"https:\/\/pvgrkdwu.a2hosted.com\/fotografia-valencia\/wp-content\/uploads\/2014\/09\/IMG_5770-bw-small.jpg\"><br \/>\n<img loading=\"lazy\" decoding=\"async\" class=\"alignnone wp-image-185\" src=\"https:\/\/pvgrkdwu.a2hosted.com\/fotografia-valencia\/wp-content\/uploads\/2014\/09\/IMG_5770-bw-small.jpg\" alt=\"Barri del Mercat\" width=\"600\" height=\"900\" srcset=\"https:\/\/pvgrkdwu.a2hosted.com\/fotografia-valencia\/wp-content\/uploads\/2014\/09\/IMG_5770-bw-small.jpg 800w, https:\/\/pvgrkdwu.a2hosted.com\/fotografia-valencia\/wp-content\/uploads\/2014\/09\/IMG_5770-bw-small-200x300.jpg 200w, https:\/\/pvgrkdwu.a2hosted.com\/fotografia-valencia\/wp-content\/uploads\/2014\/09\/IMG_5770-bw-small-683x1024.jpg 683w, https:\/\/pvgrkdwu.a2hosted.com\/fotografia-valencia\/wp-content\/uploads\/2014\/09\/IMG_5770-bw-small-690x1035.jpg 690w\" sizes=\"auto, (max-width: 600px) 100vw, 600px\" \/><\/a><\/p>\n<p><a href=\"https:\/\/pvgrkdwu.a2hosted.com\/fotografia-valencia\/wp-content\/uploads\/2014\/09\/IMG_5776_small.jpg\"><img loading=\"lazy\" decoding=\"async\" class=\"alignnone  wp-image-186\" src=\"https:\/\/pvgrkdwu.a2hosted.com\/fotografia-valencia\/wp-content\/uploads\/2014\/09\/IMG_5776_small.jpg\" alt=\"Barri del Mercat\" width=\"600\" height=\"400\" srcset=\"https:\/\/pvgrkdwu.a2hosted.com\/fotografia-valencia\/wp-content\/uploads\/2014\/09\/IMG_5776_small.jpg 1200w, https:\/\/pvgrkdwu.a2hosted.com\/fotografia-valencia\/wp-content\/uploads\/2014\/09\/IMG_5776_small-300x200.jpg 300w, https:\/\/pvgrkdwu.a2hosted.com\/fotografia-valencia\/wp-content\/uploads\/2014\/09\/IMG_5776_small-1024x683.jpg 1024w, https:\/\/pvgrkdwu.a2hosted.com\/fotografia-valencia\/wp-content\/uploads\/2014\/09\/IMG_5776_small-690x460.jpg 690w, https:\/\/pvgrkdwu.a2hosted.com\/fotografia-valencia\/wp-content\/uploads\/2014\/09\/IMG_5776_small-980x653.jpg 980w\" sizes=\"auto, (max-width: 600px) 100vw, 600px\" \/><\/a><\/p>\n<p><img loading=\"lazy\" decoding=\"async\" class=\"alignnone wp-image-192\" src=\"https:\/\/pvgrkdwu.a2hosted.com\/fotografia-valencia\/wp-content\/uploads\/2014\/09\/IMG_2551_small.jpg\" alt=\"Barri del Mercat\" width=\"600\" height=\"900\" srcset=\"https:\/\/pvgrkdwu.a2hosted.com\/fotografia-valencia\/wp-content\/uploads\/2014\/09\/IMG_2551_small.jpg 800w, https:\/\/pvgrkdwu.a2hosted.com\/fotografia-valencia\/wp-content\/uploads\/2014\/09\/IMG_2551_small-200x300.jpg 200w, https:\/\/pvgrkdwu.a2hosted.com\/fotografia-valencia\/wp-content\/uploads\/2014\/09\/IMG_2551_small-683x1024.jpg 683w, https:\/\/pvgrkdwu.a2hosted.com\/fotografia-valencia\/wp-content\/uploads\/2014\/09\/IMG_2551_small-690x1035.jpg 690w\" sizes=\"auto, (max-width: 600px) 100vw, 600px\" \/><\/p>\n<p><a href=\"https:\/\/pvgrkdwu.a2hosted.com\/fotografia-valencia\/wp-content\/uploads\/2014\/09\/IMG_5780_small.jpg\"><img loading=\"lazy\" decoding=\"async\" class=\"alignnone  wp-image-187\" src=\"https:\/\/pvgrkdwu.a2hosted.com\/fotografia-valencia\/wp-content\/uploads\/2014\/09\/IMG_5780_small.jpg\" alt=\"Barri del Mercat\" width=\"600\" height=\"900\" srcset=\"https:\/\/pvgrkdwu.a2hosted.com\/fotografia-valencia\/wp-content\/uploads\/2014\/09\/IMG_5780_small.jpg 800w, https:\/\/pvgrkdwu.a2hosted.com\/fotografia-valencia\/wp-content\/uploads\/2014\/09\/IMG_5780_small-200x300.jpg 200w, https:\/\/pvgrkdwu.a2hosted.com\/fotografia-valencia\/wp-content\/uploads\/2014\/09\/IMG_5780_small-683x1024.jpg 683w, https:\/\/pvgrkdwu.a2hosted.com\/fotografia-valencia\/wp-content\/uploads\/2014\/09\/IMG_5780_small-690x1035.jpg 690w\" sizes=\"auto, (max-width: 600px) 100vw, 600px\" \/><\/a><\/p>\n<figure id=\"attachment_191\" aria-describedby=\"caption-attachment-191\" style=\"width: 600px\" class=\"wp-caption alignnone\"><a href=\"https:\/\/pvgrkdwu.a2hosted.com\/fotografia-valencia\/wp-content\/uploads\/2014\/09\/IMG_2554_small.jpg\"><img loading=\"lazy\" decoding=\"async\" class=\"wp-image-191\" src=\"https:\/\/pvgrkdwu.a2hosted.com\/fotografia-valencia\/wp-content\/uploads\/2014\/09\/IMG_2554_small.jpg\" alt=\"Barri del Mercat\" width=\"600\" height=\"900\" srcset=\"https:\/\/pvgrkdwu.a2hosted.com\/fotografia-valencia\/wp-content\/uploads\/2014\/09\/IMG_2554_small.jpg 800w, https:\/\/pvgrkdwu.a2hosted.com\/fotografia-valencia\/wp-content\/uploads\/2014\/09\/IMG_2554_small-200x300.jpg 200w, https:\/\/pvgrkdwu.a2hosted.com\/fotografia-valencia\/wp-content\/uploads\/2014\/09\/IMG_2554_small-683x1024.jpg 683w, https:\/\/pvgrkdwu.a2hosted.com\/fotografia-valencia\/wp-content\/uploads\/2014\/09\/IMG_2554_small-690x1035.jpg 690w\" sizes=\"auto, (max-width: 600px) 100vw, 600px\" \/><\/a><figcaption id=\"caption-attachment-191\" class=\"wp-caption-text\">Detalle del Mercat Central<\/figcaption><\/figure>\n<p>El barrio alberga tambi\u00e9n la Llotja de Mercaders, o \u00a0Lonja de la Seda, el mayor ejemplo de g\u00f3tico civil del mundo.\u00a0Declarada Patrimonio de la Humanidad por la Unesco, comenzada a construir por Pere Compte sobre el mismo concepto de la Llotja de Mallorca, es\u00a0muestra de la revoluci\u00f3n comercial durante la Baja Edad Media en la ciudad de Valencia.<\/p>\n<p>Tanto el Mercat Central como la Llotja merecen un post propio, pero de momento, pondremos algunos detalles sueltos.<\/p>\n<figure id=\"attachment_194\" aria-describedby=\"caption-attachment-194\" style=\"width: 600px\" class=\"wp-caption alignnone\"><a href=\"https:\/\/pvgrkdwu.a2hosted.com\/fotografia-valencia\/wp-content\/uploads\/2014\/09\/IMG_2592-smallzzz.jpg\"><img loading=\"lazy\" decoding=\"async\" class=\"wp-image-194\" src=\"https:\/\/pvgrkdwu.a2hosted.com\/fotografia-valencia\/wp-content\/uploads\/2014\/09\/IMG_2592-smallzzz.jpg\" alt=\"Barri del Mercat\" width=\"600\" height=\"900\" srcset=\"https:\/\/pvgrkdwu.a2hosted.com\/fotografia-valencia\/wp-content\/uploads\/2014\/09\/IMG_2592-smallzzz.jpg 800w, https:\/\/pvgrkdwu.a2hosted.com\/fotografia-valencia\/wp-content\/uploads\/2014\/09\/IMG_2592-smallzzz-200x300.jpg 200w, https:\/\/pvgrkdwu.a2hosted.com\/fotografia-valencia\/wp-content\/uploads\/2014\/09\/IMG_2592-smallzzz-683x1024.jpg 683w, https:\/\/pvgrkdwu.a2hosted.com\/fotografia-valencia\/wp-content\/uploads\/2014\/09\/IMG_2592-smallzzz-690x1035.jpg 690w\" sizes=\"auto, (max-width: 600px) 100vw, 600px\" \/><\/a><figcaption id=\"caption-attachment-194\" class=\"wp-caption-text\">Detalle de la Llotja<\/figcaption><\/figure>\n<figure id=\"attachment_193\" aria-describedby=\"caption-attachment-193\" style=\"width: 600px\" class=\"wp-caption alignnone\"><a href=\"https:\/\/pvgrkdwu.a2hosted.com\/fotografia-valencia\/wp-content\/uploads\/2014\/09\/IMG_2600-levels-cropped-smallzzz.jpg\"><img loading=\"lazy\" decoding=\"async\" class=\"wp-image-193\" src=\"https:\/\/pvgrkdwu.a2hosted.com\/fotografia-valencia\/wp-content\/uploads\/2014\/09\/IMG_2600-levels-cropped-smallzzz.jpg\" alt=\"Barri del Mercat\" width=\"600\" height=\"900\" srcset=\"https:\/\/pvgrkdwu.a2hosted.com\/fotografia-valencia\/wp-content\/uploads\/2014\/09\/IMG_2600-levels-cropped-smallzzz.jpg 800w, https:\/\/pvgrkdwu.a2hosted.com\/fotografia-valencia\/wp-content\/uploads\/2014\/09\/IMG_2600-levels-cropped-smallzzz-200x300.jpg 200w, https:\/\/pvgrkdwu.a2hosted.com\/fotografia-valencia\/wp-content\/uploads\/2014\/09\/IMG_2600-levels-cropped-smallzzz-683x1024.jpg 683w, https:\/\/pvgrkdwu.a2hosted.com\/fotografia-valencia\/wp-content\/uploads\/2014\/09\/IMG_2600-levels-cropped-smallzzz-690x1035.jpg 690w\" sizes=\"auto, (max-width: 600px) 100vw, 600px\" \/><\/a><figcaption id=\"caption-attachment-193\" class=\"wp-caption-text\">Detalle de la Llotja<\/figcaption><\/figure>\n<figure id=\"attachment_190\" aria-describedby=\"caption-attachment-190\" style=\"width: 600px\" class=\"wp-caption alignnone\"><a href=\"https:\/\/pvgrkdwu.a2hosted.com\/fotografia-valencia\/wp-content\/uploads\/2014\/09\/IMG_2589_small.jpg\"><img loading=\"lazy\" decoding=\"async\" class=\"wp-image-190\" src=\"https:\/\/pvgrkdwu.a2hosted.com\/fotografia-valencia\/wp-content\/uploads\/2014\/09\/IMG_2589_small.jpg\" alt=\"Barri del Mercat\" width=\"600\" height=\"900\" srcset=\"https:\/\/pvgrkdwu.a2hosted.com\/fotografia-valencia\/wp-content\/uploads\/2014\/09\/IMG_2589_small.jpg 800w, https:\/\/pvgrkdwu.a2hosted.com\/fotografia-valencia\/wp-content\/uploads\/2014\/09\/IMG_2589_small-200x300.jpg 200w, https:\/\/pvgrkdwu.a2hosted.com\/fotografia-valencia\/wp-content\/uploads\/2014\/09\/IMG_2589_small-683x1024.jpg 683w, https:\/\/pvgrkdwu.a2hosted.com\/fotografia-valencia\/wp-content\/uploads\/2014\/09\/IMG_2589_small-690x1035.jpg 690w\" sizes=\"auto, (max-width: 600px) 100vw, 600px\" \/><\/a><figcaption id=\"caption-attachment-190\" class=\"wp-caption-text\">Detalle de la Llotja<\/figcaption><\/figure>\n<figure id=\"attachment_189\" aria-describedby=\"caption-attachment-189\" style=\"width: 600px\" class=\"wp-caption alignnone\"><a href=\"https:\/\/pvgrkdwu.a2hosted.com\/fotografia-valencia\/wp-content\/uploads\/2014\/09\/IMG_2611_small.jpg\"><img loading=\"lazy\" decoding=\"async\" class=\"wp-image-189\" src=\"https:\/\/pvgrkdwu.a2hosted.com\/fotografia-valencia\/wp-content\/uploads\/2014\/09\/IMG_2611_small.jpg\" alt=\"Barri del Mercat\" width=\"600\" height=\"400\" srcset=\"https:\/\/pvgrkdwu.a2hosted.com\/fotografia-valencia\/wp-content\/uploads\/2014\/09\/IMG_2611_small.jpg 1200w, https:\/\/pvgrkdwu.a2hosted.com\/fotografia-valencia\/wp-content\/uploads\/2014\/09\/IMG_2611_small-300x200.jpg 300w, https:\/\/pvgrkdwu.a2hosted.com\/fotografia-valencia\/wp-content\/uploads\/2014\/09\/IMG_2611_small-1024x683.jpg 1024w, https:\/\/pvgrkdwu.a2hosted.com\/fotografia-valencia\/wp-content\/uploads\/2014\/09\/IMG_2611_small-690x460.jpg 690w, https:\/\/pvgrkdwu.a2hosted.com\/fotografia-valencia\/wp-content\/uploads\/2014\/09\/IMG_2611_small-980x653.jpg 980w\" sizes=\"auto, (max-width: 600px) 100vw, 600px\" \/><\/a><figcaption id=\"caption-attachment-189\" class=\"wp-caption-text\">La Llotja y Santos Juanes al fondo.<\/figcaption><\/figure>\n<p><a href=\"https:\/\/pvgrkdwu.a2hosted.com\/fotografia-valencia\/wp-content\/uploads\/2014\/09\/IMG_2604-corrected-smallzzz.jpg\"><img loading=\"lazy\" decoding=\"async\" class=\"alignnone wp-image-188\" src=\"https:\/\/pvgrkdwu.a2hosted.com\/fotografia-valencia\/wp-content\/uploads\/2014\/09\/IMG_2604-corrected-smallzzz.jpg\" alt=\"Barri del Mercat\" width=\"600\" height=\"387\" srcset=\"https:\/\/pvgrkdwu.a2hosted.com\/fotografia-valencia\/wp-content\/uploads\/2014\/09\/IMG_2604-corrected-smallzzz.jpg 1200w, https:\/\/pvgrkdwu.a2hosted.com\/fotografia-valencia\/wp-content\/uploads\/2014\/09\/IMG_2604-corrected-smallzzz-300x193.jpg 300w, https:\/\/pvgrkdwu.a2hosted.com\/fotografia-valencia\/wp-content\/uploads\/2014\/09\/IMG_2604-corrected-smallzzz-1024x660.jpg 1024w, https:\/\/pvgrkdwu.a2hosted.com\/fotografia-valencia\/wp-content\/uploads\/2014\/09\/IMG_2604-corrected-smallzzz-690x444.jpg 690w, https:\/\/pvgrkdwu.a2hosted.com\/fotografia-valencia\/wp-content\/uploads\/2014\/09\/IMG_2604-corrected-smallzzz-980x631.jpg 980w\" sizes=\"auto, (max-width: 600px) 100vw, 600px\" \/><\/a><\/p>\n<p>M\u00e1s info sobre la Llotja:\u00a0<a href=\"http:\/\/es.wikipedia.org\/wiki\/Lonja_de_la_Seda\" target=\"_blank\">http:\/\/es.wikipedia.org\/wiki\/Lonja_de_la_Seda<\/a><\/p>\n<p>Sergi Albir. Copyright Sergi Albir 2014.<\/p>\n","protected":false},"excerpt":{"rendered":"<p>Uno de los barrios del centro de Valencia. El Barri del Mercat, o Barrio del Mercado, es el m\u00e1s pr\u00f3ximo al Mercado Central, que es una pieza notable de arquitectura modernista. El barrio no es de ese estilo, sino que son viviendas m\u00e1s bien humildes mezcladas con alg\u00fan palacio ocasional. Este espacio era un arrabal [&hellip;]<\/p>\n","protected":false},"author":1,"featured_media":189,"comment_status":"open","ping_status":"open","sticky":false,"template":"","format":"standard","meta":{"footnotes":""},"categories":[10],"tags":[34,35,5],"class_list":["post-183","post","type-post","status-publish","format-standard","has-post-thumbnail","hentry","category-barrio","tag-barri-del-mercat","tag-barrio-del-mercado","tag-valencia"],"_links":{"self":[{"href":"https:\/\/pvgrkdwu.a2hosted.com\/fotografia-valencia\/wp-json\/wp\/v2\/posts\/183","targetHints":{"allow":["GET"]}}],"collection":[{"href":"https:\/\/pvgrkdwu.a2hosted.com\/fotografia-valencia\/wp-json\/wp\/v2\/posts"}],"about":[{"href":"https:\/\/pvgrkdwu.a2hosted.com\/fotografia-valencia\/wp-json\/wp\/v2\/types\/post"}],"author":[{"embeddable":true,"href":"https:\/\/pvgrkdwu.a2hosted.com\/fotografia-valencia\/wp-json\/wp\/v2\/users\/1"}],"replies":[{"embeddable":true,"href":"https:\/\/pvgrkdwu.a2hosted.com\/fotografia-valencia\/wp-json\/wp\/v2\/comments?post=183"}],"version-history":[{"count":5,"href":"https:\/\/pvgrkdwu.a2hosted.com\/fotografia-valencia\/wp-json\/wp\/v2\/posts\/183\/revisions"}],"predecessor-version":[{"id":198,"href":"https:\/\/pvgrkdwu.a2hosted.com\/fotografia-valencia\/wp-json\/wp\/v2\/posts\/183\/revisions\/198"}],"wp:featuredmedia":[{"embeddable":true,"href":"https:\/\/pvgrkdwu.a2hosted.com\/fotografia-valencia\/wp-json\/wp\/v2\/media\/189"}],"wp:attachment":[{"href":"https:\/\/pvgrkdwu.a2hosted.com\/fotografia-valencia\/wp-json\/wp\/v2\/media?parent=183"}],"wp:term":[{"taxonomy":"category","embeddable":true,"href":"https:\/\/pvgrkdwu.a2hosted.com\/fotografia-valencia\/wp-json\/wp\/v2\/categories?post=183"},{"taxonomy":"post_tag","embeddable":true,"href":"https:\/\/pvgrkdwu.a2hosted.com\/fotografia-valencia\/wp-json\/wp\/v2\/tags?post=183"}],"curies":[{"name":"wp","href":"https:\/\/api.w.org\/{rel}","templated":true}]}}