{"id":878,"date":"2017-04-30T17:42:19","date_gmt":"2017-04-30T17:42:19","guid":{"rendered":"http:\/\/www.archerphoto.eu\/esmentira\/?p=878"},"modified":"2017-10-01T19:25:13","modified_gmt":"2017-10-01T19:25:13","slug":"hugo-boss-y-el-diseno-de-los-uniformes-nazis","status":"publish","type":"post","link":"https:\/\/pvgrkdwu.a2hosted.com\/esmentira\/hugo-boss-y-el-diseno-de-los-uniformes-nazis\/","title":{"rendered":"Hugo Boss y el dise\u00f1o de los uniformes nazis"},"content":{"rendered":"<p>Habitualmente no confirmo historias, sino que las desmiento, pero en este caso, empecemos por explicar que esto no es una leyenda urbana, sino una incorrecci\u00f3n: Boss no dise\u00f1\u00f3 los uniformes, los produjo. Hugo Boss fabric\u00f3 uniformes para los nazis desde los a\u00f1os 30 a 1945, el final de la Segunda Guerra Mundial. Poniendo las cosas en la balanza, en su descarga cabe decir que fueron casi 15.000 compa\u00f1\u00edas alemanas las que produjeron textiles para el ej\u00e9rcito. En contra, que hay una foto de Boss en el &#8217;45 con Hitler, y que durante la guerra emple\u00f3 a 140 trabajadores en r\u00e9gimen de trabajos forzados (m\u00e1s otros 30 franceses, prisioneros) as\u00ed que deb\u00eda estar muy convencido de lo que estaba haciendo. Su compa\u00f1\u00eda sobrevivi\u00f3, pero \u00e9l falleci\u00f3 en 1948.<\/p>\n<p><img loading=\"lazy\" decoding=\"async\" class=\"aligncenter\" src=\"https:\/\/upload.wikimedia.org\/wikipedia\/commons\/e\/e6\/Boss_1933_adv.jpg\" alt=\"Hugo Boss y el dise\u00f1o de los uniformes nazis\" width=\"551\" height=\"444\" \/><\/p>\n<h2>Hugo Boss y el dise\u00f1o de los uniformes nazis<\/h2>\n<p>Lo que no es cierto es que Boss dise\u00f1ase sus uniformes: los encargados de esto fueron\u00a0<a title=\"Karl Diebitsch\" href=\"https:\/\/en.wikipedia.org\/wiki\/Karl_Diebitsch\">Karl Diebitsch<\/a>, un miembro de las SS\u00a0y el dise\u00f1ador gr\u00e1fico Walter Heck. Boss produjo estos uniformes, \u00a0adem\u00e1s de camisas marrones para la tropa, pero no particip\u00f3 en su dise\u00f1o en ning\u00fan momento.<\/p>\n<p>Si bien la compa\u00f1\u00eda sobrevivi\u00f3 gracias a la colaboraci\u00f3n con el r\u00e9gimen nazi, tambi\u00e9n pidi\u00f3 disculpas en repetidas ocasiones, llegando a publicar un libro del historiador econ\u00f3mico Roman Koester (http:\/\/www.bbc.com\/news\/world-europe-15008682) sobre el tema, en el que explicaban las condiciones de trabajo y el funcionamiento de la factor\u00eda. Hugo Boss fue multada tras terminar la guerra por haber participado en las estructuras del r\u00e9gimen nazi.<\/p>\n<p>Esta historia no la contamos en la radio. Pero alguna vez la contaremos, si conseguimos volver. De verdad.<\/p>\n<p>Sergi Albir<\/p>\n","protected":false},"excerpt":{"rendered":"<p>Habitualmente no confirmo historias, sino que las desmiento, pero en este caso, empecemos por explicar que esto no es una leyenda urbana, sino una incorrecci\u00f3n: Boss no dise\u00f1\u00f3 los uniformes, los produjo. Hugo Boss fabric\u00f3 uniformes para los nazis desde los a\u00f1os 30 a 1945, el final de la Segunda Guerra Mundial. Poniendo las cosas &hellip; <\/p>\n<p class=\"link-more\"><a href=\"https:\/\/pvgrkdwu.a2hosted.com\/esmentira\/hugo-boss-y-el-diseno-de-los-uniformes-nazis\/\" class=\"more-link\">Continue reading<span class=\"screen-reader-text\"> &#8220;Hugo Boss y el dise\u00f1o de los uniformes nazis&#8221;<\/span><\/a><\/p>\n","protected":false},"author":1,"featured_media":0,"comment_status":"open","ping_status":"open","sticky":false,"template":"","format":"standard","meta":{"footnotes":""},"categories":[158],"tags":[183,128],"class_list":["post-878","post","type-post","status-publish","format-standard","hentry","category-errores","tag-hugo-boss","tag-nazis"],"yoast_head":"<!-- This site is optimized with the Yoast SEO plugin v24.3 - https:\/\/yoast.com\/wordpress\/plugins\/seo\/ -->\n<title>Hugo Boss y el dise\u00f1o de los uniformes nazis - Es mentira<\/title>\n<meta name=\"description\" content=\"No es exacto: Boss fabric\u00f3 camisas y uniformes pero no los dise\u00f1\u00f3. Lo reconocieron y pidieron disculpas p\u00fablicas adem\u00e1s de pagar las correspondientes multas\" \/>\n<meta name=\"robots\" content=\"index, follow, max-snippet:-1, max-image-preview:large, max-video-preview:-1\" \/>\n<link rel=\"canonical\" href=\"https:\/\/pvgrkdwu.a2hosted.com\/esmentira\/hugo-boss-y-el-diseno-de-los-uniformes-nazis\/\" \/>\n<meta property=\"og:locale\" content=\"en_US\" \/>\n<meta property=\"og:type\" content=\"article\" \/>\n<meta property=\"og:title\" content=\"Hugo Boss y el dise\u00f1o de los uniformes nazis - Es mentira\" \/>\n<meta property=\"og:description\" content=\"No es exacto: Boss fabric\u00f3 camisas y uniformes pero no los dise\u00f1\u00f3. Lo reconocieron y pidieron disculpas p\u00fablicas adem\u00e1s de pagar las correspondientes multas\" \/>\n<meta property=\"og:url\" content=\"https:\/\/pvgrkdwu.a2hosted.com\/esmentira\/hugo-boss-y-el-diseno-de-los-uniformes-nazis\/\" \/>\n<meta property=\"og:site_name\" content=\"Es mentira\" \/>\n<meta property=\"article:publisher\" content=\"https:\/\/www.facebook.com\/JalalalaUniberzitate\/\" \/>\n<meta property=\"article:published_time\" content=\"2017-04-30T17:42:19+00:00\" \/>\n<meta property=\"article:modified_time\" content=\"2017-10-01T19:25:13+00:00\" \/>\n<meta property=\"og:image\" content=\"https:\/\/upload.wikimedia.org\/wikipedia\/commons\/e\/e6\/Boss_1933_adv.jpg\" \/>\n<meta name=\"author\" content=\"admin\" \/>\n<meta name=\"twitter:label1\" content=\"Written by\" \/>\n\t<meta name=\"twitter:data1\" content=\"admin\" \/>\n\t<meta name=\"twitter:label2\" content=\"Est. reading time\" \/>\n\t<meta name=\"twitter:data2\" content=\"1 minute\" \/>\n<script type=\"application\/ld+json\" class=\"yoast-schema-graph\">{\"@context\":\"https:\/\/schema.org\",\"@graph\":[{\"@type\":\"WebPage\",\"@id\":\"https:\/\/pvgrkdwu.a2hosted.com\/esmentira\/hugo-boss-y-el-diseno-de-los-uniformes-nazis\/\",\"url\":\"https:\/\/pvgrkdwu.a2hosted.com\/esmentira\/hugo-boss-y-el-diseno-de-los-uniformes-nazis\/\",\"name\":\"Hugo Boss y el dise\u00f1o de los uniformes nazis - Es mentira\",\"isPartOf\":{\"@id\":\"https:\/\/pvgrkdwu.a2hosted.com\/esmentira\/#website\"},\"primaryImageOfPage\":{\"@id\":\"https:\/\/pvgrkdwu.a2hosted.com\/esmentira\/hugo-boss-y-el-diseno-de-los-uniformes-nazis\/#primaryimage\"},\"image\":{\"@id\":\"https:\/\/pvgrkdwu.a2hosted.com\/esmentira\/hugo-boss-y-el-diseno-de-los-uniformes-nazis\/#primaryimage\"},\"thumbnailUrl\":\"https:\/\/upload.wikimedia.org\/wikipedia\/commons\/e\/e6\/Boss_1933_adv.jpg\",\"datePublished\":\"2017-04-30T17:42:19+00:00\",\"dateModified\":\"2017-10-01T19:25:13+00:00\",\"author\":{\"@id\":\"https:\/\/pvgrkdwu.a2hosted.com\/esmentira\/#\/schema\/person\/74c8cf970f838682612a932262e8e921\"},\"description\":\"No es exacto: Boss fabric\u00f3 camisas y uniformes pero no los dise\u00f1\u00f3. Lo reconocieron y pidieron disculpas p\u00fablicas adem\u00e1s de pagar las correspondientes multas\",\"inLanguage\":\"en-US\",\"potentialAction\":[{\"@type\":\"ReadAction\",\"target\":[\"https:\/\/pvgrkdwu.a2hosted.com\/esmentira\/hugo-boss-y-el-diseno-de-los-uniformes-nazis\/\"]}]},{\"@type\":\"ImageObject\",\"inLanguage\":\"en-US\",\"@id\":\"https:\/\/pvgrkdwu.a2hosted.com\/esmentira\/hugo-boss-y-el-diseno-de-los-uniformes-nazis\/#primaryimage\",\"url\":\"https:\/\/upload.wikimedia.org\/wikipedia\/commons\/e\/e6\/Boss_1933_adv.jpg\",\"contentUrl\":\"https:\/\/upload.wikimedia.org\/wikipedia\/commons\/e\/e6\/Boss_1933_adv.jpg\"},{\"@type\":\"WebSite\",\"@id\":\"https:\/\/pvgrkdwu.a2hosted.com\/esmentira\/#website\",\"url\":\"https:\/\/pvgrkdwu.a2hosted.com\/esmentira\/\",\"name\":\"Es mentira\",\"description\":\"Desmintiendo bulos y rumores\",\"potentialAction\":[{\"@type\":\"SearchAction\",\"target\":{\"@type\":\"EntryPoint\",\"urlTemplate\":\"https:\/\/pvgrkdwu.a2hosted.com\/esmentira\/?s={search_term_string}\"},\"query-input\":{\"@type\":\"PropertyValueSpecification\",\"valueRequired\":true,\"valueName\":\"search_term_string\"}}],\"inLanguage\":\"en-US\"},{\"@type\":\"Person\",\"@id\":\"https:\/\/pvgrkdwu.a2hosted.com\/esmentira\/#\/schema\/person\/74c8cf970f838682612a932262e8e921\",\"name\":\"admin\",\"image\":{\"@type\":\"ImageObject\",\"inLanguage\":\"en-US\",\"@id\":\"https:\/\/pvgrkdwu.a2hosted.com\/esmentira\/#\/schema\/person\/image\/\",\"url\":\"https:\/\/secure.gravatar.com\/avatar\/78a69cc78fc35f1e13a9bca9f3fa80ee?s=96&d=mm&r=g\",\"contentUrl\":\"https:\/\/secure.gravatar.com\/avatar\/78a69cc78fc35f1e13a9bca9f3fa80ee?s=96&d=mm&r=g\",\"caption\":\"admin\"},\"sameAs\":[\"https:\/\/x.com\/Archerphoto\"]}]}<\/script>\n<!-- \/ Yoast SEO plugin. -->","yoast_head_json":{"title":"Hugo Boss y el dise\u00f1o de los uniformes nazis - Es mentira","description":"No es exacto: Boss fabric\u00f3 camisas y uniformes pero no los dise\u00f1\u00f3. Lo reconocieron y pidieron disculpas p\u00fablicas adem\u00e1s de pagar las correspondientes multas","robots":{"index":"index","follow":"follow","max-snippet":"max-snippet:-1","max-image-preview":"max-image-preview:large","max-video-preview":"max-video-preview:-1"},"canonical":"https:\/\/pvgrkdwu.a2hosted.com\/esmentira\/hugo-boss-y-el-diseno-de-los-uniformes-nazis\/","og_locale":"en_US","og_type":"article","og_title":"Hugo Boss y el dise\u00f1o de los uniformes nazis - Es mentira","og_description":"No es exacto: Boss fabric\u00f3 camisas y uniformes pero no los dise\u00f1\u00f3. Lo reconocieron y pidieron disculpas p\u00fablicas adem\u00e1s de pagar las correspondientes multas","og_url":"https:\/\/pvgrkdwu.a2hosted.com\/esmentira\/hugo-boss-y-el-diseno-de-los-uniformes-nazis\/","og_site_name":"Es mentira","article_publisher":"https:\/\/www.facebook.com\/JalalalaUniberzitate\/","article_published_time":"2017-04-30T17:42:19+00:00","article_modified_time":"2017-10-01T19:25:13+00:00","og_image":[{"url":"https:\/\/upload.wikimedia.org\/wikipedia\/commons\/e\/e6\/Boss_1933_adv.jpg","type":"","width":"","height":""}],"author":"admin","twitter_misc":{"Written by":"admin","Est. reading time":"1 minute"},"schema":{"@context":"https:\/\/schema.org","@graph":[{"@type":"WebPage","@id":"https:\/\/pvgrkdwu.a2hosted.com\/esmentira\/hugo-boss-y-el-diseno-de-los-uniformes-nazis\/","url":"https:\/\/pvgrkdwu.a2hosted.com\/esmentira\/hugo-boss-y-el-diseno-de-los-uniformes-nazis\/","name":"Hugo Boss y el dise\u00f1o de los uniformes nazis - Es mentira","isPartOf":{"@id":"https:\/\/pvgrkdwu.a2hosted.com\/esmentira\/#website"},"primaryImageOfPage":{"@id":"https:\/\/pvgrkdwu.a2hosted.com\/esmentira\/hugo-boss-y-el-diseno-de-los-uniformes-nazis\/#primaryimage"},"image":{"@id":"https:\/\/pvgrkdwu.a2hosted.com\/esmentira\/hugo-boss-y-el-diseno-de-los-uniformes-nazis\/#primaryimage"},"thumbnailUrl":"https:\/\/upload.wikimedia.org\/wikipedia\/commons\/e\/e6\/Boss_1933_adv.jpg","datePublished":"2017-04-30T17:42:19+00:00","dateModified":"2017-10-01T19:25:13+00:00","author":{"@id":"https:\/\/pvgrkdwu.a2hosted.com\/esmentira\/#\/schema\/person\/74c8cf970f838682612a932262e8e921"},"description":"No es exacto: Boss fabric\u00f3 camisas y uniformes pero no los dise\u00f1\u00f3. Lo reconocieron y pidieron disculpas p\u00fablicas adem\u00e1s de pagar las correspondientes multas","inLanguage":"en-US","potentialAction":[{"@type":"ReadAction","target":["https:\/\/pvgrkdwu.a2hosted.com\/esmentira\/hugo-boss-y-el-diseno-de-los-uniformes-nazis\/"]}]},{"@type":"ImageObject","inLanguage":"en-US","@id":"https:\/\/pvgrkdwu.a2hosted.com\/esmentira\/hugo-boss-y-el-diseno-de-los-uniformes-nazis\/#primaryimage","url":"https:\/\/upload.wikimedia.org\/wikipedia\/commons\/e\/e6\/Boss_1933_adv.jpg","contentUrl":"https:\/\/upload.wikimedia.org\/wikipedia\/commons\/e\/e6\/Boss_1933_adv.jpg"},{"@type":"WebSite","@id":"https:\/\/pvgrkdwu.a2hosted.com\/esmentira\/#website","url":"https:\/\/pvgrkdwu.a2hosted.com\/esmentira\/","name":"Es mentira","description":"Desmintiendo bulos y rumores","potentialAction":[{"@type":"SearchAction","target":{"@type":"EntryPoint","urlTemplate":"https:\/\/pvgrkdwu.a2hosted.com\/esmentira\/?s={search_term_string}"},"query-input":{"@type":"PropertyValueSpecification","valueRequired":true,"valueName":"search_term_string"}}],"inLanguage":"en-US"},{"@type":"Person","@id":"https:\/\/pvgrkdwu.a2hosted.com\/esmentira\/#\/schema\/person\/74c8cf970f838682612a932262e8e921","name":"admin","image":{"@type":"ImageObject","inLanguage":"en-US","@id":"https:\/\/pvgrkdwu.a2hosted.com\/esmentira\/#\/schema\/person\/image\/","url":"https:\/\/secure.gravatar.com\/avatar\/78a69cc78fc35f1e13a9bca9f3fa80ee?s=96&d=mm&r=g","contentUrl":"https:\/\/secure.gravatar.com\/avatar\/78a69cc78fc35f1e13a9bca9f3fa80ee?s=96&d=mm&r=g","caption":"admin"},"sameAs":["https:\/\/x.com\/Archerphoto"]}]}},"_links":{"self":[{"href":"https:\/\/pvgrkdwu.a2hosted.com\/esmentira\/wp-json\/wp\/v2\/posts\/878","targetHints":{"allow":["GET"]}}],"collection":[{"href":"https:\/\/pvgrkdwu.a2hosted.com\/esmentira\/wp-json\/wp\/v2\/posts"}],"about":[{"href":"https:\/\/pvgrkdwu.a2hosted.com\/esmentira\/wp-json\/wp\/v2\/types\/post"}],"author":[{"embeddable":true,"href":"https:\/\/pvgrkdwu.a2hosted.com\/esmentira\/wp-json\/wp\/v2\/users\/1"}],"replies":[{"embeddable":true,"href":"https:\/\/pvgrkdwu.a2hosted.com\/esmentira\/wp-json\/wp\/v2\/comments?post=878"}],"version-history":[{"count":3,"href":"https:\/\/pvgrkdwu.a2hosted.com\/esmentira\/wp-json\/wp\/v2\/posts\/878\/revisions"}],"predecessor-version":[{"id":903,"href":"https:\/\/pvgrkdwu.a2hosted.com\/esmentira\/wp-json\/wp\/v2\/posts\/878\/revisions\/903"}],"wp:attachment":[{"href":"https:\/\/pvgrkdwu.a2hosted.com\/esmentira\/wp-json\/wp\/v2\/media?parent=878"}],"wp:term":[{"taxonomy":"category","embeddable":true,"href":"https:\/\/pvgrkdwu.a2hosted.com\/esmentira\/wp-json\/wp\/v2\/categories?post=878"},{"taxonomy":"post_tag","embeddable":true,"href":"https:\/\/pvgrkdwu.a2hosted.com\/esmentira\/wp-json\/wp\/v2\/tags?post=878"}],"curies":[{"name":"wp","href":"https:\/\/api.w.org\/{rel}","templated":true}]}}