{"id":799,"date":"2016-05-19T22:12:24","date_gmt":"2016-05-19T22:12:24","guid":{"rendered":"http:\/\/www.archerphoto.eu\/esmentira\/?p=799"},"modified":"2016-05-19T22:12:24","modified_gmt":"2016-05-19T22:12:24","slug":"el-abejorro-no-puede-volar","status":"publish","type":"post","link":"https:\/\/pvgrkdwu.a2hosted.com\/esmentira\/el-abejorro-no-puede-volar\/","title":{"rendered":"\u00bfEl abejorro no puede volar?"},"content":{"rendered":"<p lang=\"zxx\"><span style=\"font-family: 'Liberation Serif', serif;\">A veces tengo la sensaci\u00f3n de vivir al l\u00edmite. Me entra la paranoia de si la gente est\u00e1 esperando a que me equivoque y diga alguna tonter\u00eda para reproch\u00e1rmela. De alguna manera, lo que yo hago con nuestro analista, pero como el muy alacr\u00e1n no mete el remo nunca, pues yo lo llevo mal. En cualquier caso, hoy comentaremos una historia muy corta y muy bonita que, por supuesto, es falsa como se espera de lo que traemos todos los jueves. Hoy, San Crisp\u00edn de Viterbo, presentamos la abrumadora verdad del valiente abejorro que s\u00ed volaba.<\/span><\/p>\n<p lang=\"zxx\"><span style=\"font-family: 'Liberation Serif', serif;\">Es un hecho comprobado que todos tenemos un punto pu\u00f1etero. Hay gente m\u00e1s y menos incisiva, pero en general tendemos a poner el dedo en la llaga. Y hay otra cosa que nos gusta: defender al d\u00e9bil y ver como los grandes caen. La historia de David y Goliath. As\u00ed que esta historia nos encanta.<\/span><\/p>\n<p lang=\"zxx\"><a href=\"http:\/\/www.isasaweis.com\/blog\/14-esta-demostrado-aerodinamicamente-que-es-imposible-que-el-abejorro-pueda-volar-pero-el-no-lo-sabe\"><span style=\"font-family: 'Liberation Serif', serif;\">http:\/\/www.isasaweis.com\/blog\/14-esta-demostrado-aerodinamicamente-que-es-imposible-que-el-abejorro-pueda-volar-pero-el-no-lo-sabe<\/span><\/a><\/p>\n<h2 lang=\"zxx\">\u00bfEl abejorro no puede volar?<\/h2>\n<p lang=\"zxx\"><span style=\"font-family: 'Liberation Serif', serif;\"><i>&#8220;Est\u00e1 demostrado aerodin\u00e1micamente que es imposible que el abejorro pueda volar, por su tama\u00f1o, peso y cuerpo&#8230; Pero \u00e9l no lo sabe.&#8221;<\/i><\/span><\/p>\n<p lang=\"zxx\"><span style=\"font-family: 'Liberation Serif', serif;\"><i>Se dice que esta frase est\u00e1 escrita en las instalaciones de la NASA. Seg\u00fan las teor\u00edas de la aerodin\u00e1mica, el abejorro no deber\u00eda volar. Tiene un tama\u00f1o y un peso, en relaci\u00f3n a la envergadura y movimientos por segundo de sus alas, que es cient\u00edficamente imposible que pueda despegar del suelo, y menos a\u00fan mantenerse en el aire. Pero ah\u00ed est\u00e1 el abejorro, ajeno a todas estas leyes de la f\u00edsica, emprendiendo el vuelo cada d\u00eda.<\/i><\/span><\/p>\n<p lang=\"zxx\"><span style=\"font-family: 'Liberation Serif', serif;\"><i>\u00bfQui\u00e9n ha dicho que no podemos conseguir lo que nos propongamos? Posiblemente s\u00f3lo necesitemos deso\u00edr los &#8220;no puedes&#8221;, creer en nosotros mismos y \u00a1a volar! No se sabe con seguridad, qu\u00e9 tiene de cierto esta historia, pero es una motivadora reflexi\u00f3n para empezar el d\u00eda, \u00bfno cre\u00e9is? Vamos a ello, a batir las alas y \u00a1a volar!<\/i><\/span><\/p>\n<p lang=\"zxx\"><i><\/i><span style=\"font-family: 'Liberation Serif', serif;\">Esta es la versi\u00f3n larga. La versi\u00f3n habitual suele incluir solamente el primer p\u00e1rrafo, y es todo un canto al inconformismo, al pensamiento lateral, a las ideas alternativas y al desaf\u00edo a lo establecido. O no. En realidad solamente es repetir una tonter\u00eda que se ha repetido muchas veces y que est\u00e1 m\u00e1s que desmentida desde hace a\u00f1os. En muchas ocasiones se complementa con una foto de un abejorro volando frente una planta, o una flor.<\/span><\/p>\n<p lang=\"zxx\"><span style=\"font-family: 'Liberation Serif', serif;\">La frase parece tener origen en unas declaraciones del entom\u00f3logo franc\u00e9s August Magnan que se bas\u00f3 en los c\u00e1lculos de Andr\u00e9 Saint-Lague, que dec\u00eda que la fuerza de sustentaci\u00f3n de sus alas ser\u00eda insuficiente para permitir que un cuerpo con ese peso pudiera volar, ya que las alas ser\u00edan demasiado peque\u00f1as. El abejorro no podr\u00eda volar seg\u00fan la aerodin\u00e1mica o la f\u00edsica de vuelo (en concreto, es el teorema Kutta-Joukowski, que relaciona la fuerza de sustentaci\u00f3n generada por un cilindro recto con la velocidad del fluido por el cilindro, la densidad del fluido y la circulaci\u00f3n). Pero los c\u00e1lculos estaban concebidos para un dise\u00f1o est\u00e1tico, cuando en realidad, se trata de un dise\u00f1o din\u00e1mico. Esto es, las alas del abejorro son insuficientes para planear, pero este animal no hace eso: aletea y as\u00ed es como vuela. La cuesti\u00f3n es similar a la que pasar\u00eda con la superficie de las aspas de un helic\u00f3ptero: desde luego que no valen para planear, pero es que nadie piensa que deban estar quietas para que vuele.<\/span><\/p>\n<p lang=\"zxx\"><span style=\"font-family: 'Liberation Serif', serif;\">Hay una teor\u00eda an\u00e1loga a esta con los saltos de los canguros, que te\u00f3ricamente no podr\u00edan saltar, dado el enorme consumo energ\u00e9tico que implica esta forma de desplazamiento. La soluci\u00f3n, en este caso, est\u00e1 en otro factor que no se tuvo en cuenta: los m\u00fasculos y tendones del canguro act\u00faan como un muelle, recuperando una parte sustancial de la energ\u00eda en cada salto.<\/span><\/p>\n<figure id=\"attachment_805\" aria-describedby=\"caption-attachment-805\" style=\"width: 1200px\" class=\"wp-caption alignnone\"><img loading=\"lazy\" decoding=\"async\" class=\"wp-image-805 size-full\" src=\"https:\/\/pvgrkdwu.a2hosted.com\/esmentira\/wp-content\/uploads\/2016\/05\/AD2009Aug08_Bombus_pratorum-OK.jpg\" alt=\"Abejorro, por Wilder_Kaiser\" width=\"1200\" height=\"803\" srcset=\"https:\/\/pvgrkdwu.a2hosted.com\/esmentira\/wp-content\/uploads\/2016\/05\/AD2009Aug08_Bombus_pratorum-OK.jpg 1200w, https:\/\/pvgrkdwu.a2hosted.com\/esmentira\/wp-content\/uploads\/2016\/05\/AD2009Aug08_Bombus_pratorum-OK-300x201.jpg 300w, https:\/\/pvgrkdwu.a2hosted.com\/esmentira\/wp-content\/uploads\/2016\/05\/AD2009Aug08_Bombus_pratorum-OK-768x514.jpg 768w, https:\/\/pvgrkdwu.a2hosted.com\/esmentira\/wp-content\/uploads\/2016\/05\/AD2009Aug08_Bombus_pratorum-OK-1024x685.jpg 1024w\" sizes=\"auto, (max-width: 767px) 89vw, (max-width: 1000px) 54vw, (max-width: 1071px) 543px, 580px\" \/><figcaption id=\"caption-attachment-805\" class=\"wp-caption-text\">Abejorro, por Wilder_Kaiser<\/figcaption><\/figure>\n<p lang=\"zxx\"><span style=\"font-family: 'Liberation Serif', serif;\">Volviendo a abejas y abejorros, lo cierto es que pocos a\u00f1os despu\u00e9s de las declaraciones de Magnan surgieron desmentidos que, sin embargo, no calaron en el p\u00fablico. Tal era la poes\u00eda de que fuese imposible: se difund\u00eda mucho m\u00e1s deprisa la sencilla mentira que la m\u00e1s complicada y, desde luego, menos literaria verdad. No ayudaba tampoco la complejidad de demostrar con modelos matem\u00e1ticos basados en la mec\u00e1nica de fluidos. En torno a 2001 Michael H.Dickinson consegu\u00eda desmentir finalmente el bulo y lo publicaba en Scientific American. En 2005 aparecer\u00eda un nuevo art\u00edculo en el que colaboraba Dickinson junto a otros cient\u00edficos donde se comprobaba no solo la posibilidad del vuelo de la abeja, sino la versatilidad de su sistema, que le permit\u00eda cargar pesos notables (en proporci\u00f3n a su propia masa) a largas distancias.<\/span><\/p>\n<p lang=\"zxx\"><a href=\"http:\/\/jeb.biologists.org\/content\/204\/15\/2607.short\" target=\"_blank\" rel=\"nofollow\"><span style=\"font-family: 'Liberation Serif', serif;\">http:\/\/jeb.biologists.org\/content\/204\/15\/2607.short<\/span><\/a><\/p>\n<p lang=\"zxx\"><a href=\"http:\/\/www.pnas.org\/content\/102\/50\/18213.short\" target=\"_blank\" rel=\"nofollow\"><span style=\"font-family: 'Liberation Serif', serif;\">http:\/\/www.pnas.org\/content\/102\/50\/18213.short<\/span><\/a><\/p>\n<p lang=\"zxx\"><a href=\"http:\/\/www.elcomercio.es\/pg060103\/prensa\/noticias\/Sociedad\/200601\/03\/GIJ-SOC-136.html\"><span style=\"font-family: 'Liberation Serif', serif;\">http:\/\/www.elcomercio.es\/pg060103\/prensa\/noticias\/Sociedad\/200601\/03\/GIJ-SOC-136.html<\/span><\/a><\/p>\n<p lang=\"zxx\"><a href=\"http:\/\/rationalwiki.org\/wiki\/Bumblebee_argument\" target=\"_blank\" rel=\"nofollow\"><span style=\"font-family: 'Liberation Serif', serif;\">http:\/\/rationalwiki.org\/wiki\/Bumblebee_argument<\/span><\/a><\/p>\n<p lang=\"zxx\">Esta historia la contamos el 19 de mayo de 2016 en La Noche es para M\u00ed, en M80 Radio, con Miguel Coll.<\/p>\n","protected":false},"excerpt":{"rendered":"<p>A veces tengo la sensaci\u00f3n de vivir al l\u00edmite. Me entra la paranoia de si la gente est\u00e1 esperando a que me equivoque y diga alguna tonter\u00eda para reproch\u00e1rmela. De alguna manera, lo que yo hago con nuestro analista, pero como el muy alacr\u00e1n no mete el remo nunca, pues yo lo llevo mal. En &hellip; <\/p>\n<p class=\"link-more\"><a href=\"https:\/\/pvgrkdwu.a2hosted.com\/esmentira\/el-abejorro-no-puede-volar\/\" class=\"more-link\">Continue reading<span class=\"screen-reader-text\"> &#8220;\u00bfEl abejorro no puede volar?&#8221;<\/span><\/a><\/p>\n","protected":false},"author":1,"featured_media":804,"comment_status":"open","ping_status":"open","sticky":false,"template":"","format":"standard","meta":{"footnotes":""},"categories":[71],"tags":[177],"class_list":["post-799","post","type-post","status-publish","format-standard","has-post-thumbnail","hentry","category-leyenda-urbana-2","tag-abejorro"],"yoast_head":"<!-- This site is optimized with the Yoast SEO plugin v24.3 - https:\/\/yoast.com\/wordpress\/plugins\/seo\/ -->\n<title>\u00bfEl abejorro no puede volar? - Es mentira<\/title>\n<meta name=\"description\" content=\"El viejo mito de que el abejorro es cient\u00edficamente incapaz de volar, pero vuela porque no lo sabe, desmontado. \u00bfEl abejorro no puede volar? \u00bfSeguro?\" \/>\n<meta name=\"robots\" content=\"index, follow, max-snippet:-1, max-image-preview:large, max-video-preview:-1\" \/>\n<link rel=\"canonical\" href=\"https:\/\/pvgrkdwu.a2hosted.com\/esmentira\/el-abejorro-no-puede-volar\/\" \/>\n<meta property=\"og:locale\" content=\"en_US\" \/>\n<meta property=\"og:type\" content=\"article\" \/>\n<meta property=\"og:title\" content=\"\u00bfEl abejorro no puede volar? - Es mentira\" \/>\n<meta property=\"og:description\" content=\"El viejo mito de que el abejorro es cient\u00edficamente incapaz de volar, pero vuela porque no lo sabe, desmontado. \u00bfEl abejorro no puede volar? \u00bfSeguro?\" \/>\n<meta property=\"og:url\" content=\"https:\/\/pvgrkdwu.a2hosted.com\/esmentira\/el-abejorro-no-puede-volar\/\" \/>\n<meta property=\"og:site_name\" content=\"Es mentira\" \/>\n<meta property=\"article:publisher\" content=\"https:\/\/www.facebook.com\/JalalalaUniberzitate\/\" \/>\n<meta property=\"article:published_time\" content=\"2016-05-19T22:12:24+00:00\" \/>\n<meta property=\"og:image\" content=\"https:\/\/pvgrkdwu.a2hosted.com\/esmentira\/wp-content\/uploads\/2016\/05\/AD2009Aug08_Bombus_pratorum-abejorro.jpg\" \/>\n\t<meta property=\"og:image:width\" content=\"800\" \/>\n\t<meta property=\"og:image:height\" content=\"479\" \/>\n\t<meta property=\"og:image:type\" content=\"image\/jpeg\" \/>\n<meta name=\"author\" content=\"admin\" \/>\n<meta name=\"twitter:label1\" content=\"Written by\" \/>\n\t<meta name=\"twitter:data1\" content=\"admin\" \/>\n\t<meta name=\"twitter:label2\" content=\"Est. reading time\" \/>\n\t<meta name=\"twitter:data2\" content=\"5 minutes\" \/>\n<script type=\"application\/ld+json\" class=\"yoast-schema-graph\">{\"@context\":\"https:\/\/schema.org\",\"@graph\":[{\"@type\":\"WebPage\",\"@id\":\"https:\/\/pvgrkdwu.a2hosted.com\/esmentira\/el-abejorro-no-puede-volar\/\",\"url\":\"https:\/\/pvgrkdwu.a2hosted.com\/esmentira\/el-abejorro-no-puede-volar\/\",\"name\":\"\u00bfEl abejorro no puede volar? - Es mentira\",\"isPartOf\":{\"@id\":\"https:\/\/pvgrkdwu.a2hosted.com\/esmentira\/#website\"},\"primaryImageOfPage\":{\"@id\":\"https:\/\/pvgrkdwu.a2hosted.com\/esmentira\/el-abejorro-no-puede-volar\/#primaryimage\"},\"image\":{\"@id\":\"https:\/\/pvgrkdwu.a2hosted.com\/esmentira\/el-abejorro-no-puede-volar\/#primaryimage\"},\"thumbnailUrl\":\"https:\/\/pvgrkdwu.a2hosted.com\/esmentira\/wp-content\/uploads\/2016\/05\/AD2009Aug08_Bombus_pratorum-abejorro.jpg\",\"datePublished\":\"2016-05-19T22:12:24+00:00\",\"dateModified\":\"2016-05-19T22:12:24+00:00\",\"author\":{\"@id\":\"https:\/\/pvgrkdwu.a2hosted.com\/esmentira\/#\/schema\/person\/74c8cf970f838682612a932262e8e921\"},\"description\":\"El viejo mito de que el abejorro es cient\u00edficamente incapaz de volar, pero vuela porque no lo sabe, desmontado. \u00bfEl abejorro no puede volar? \u00bfSeguro?\",\"inLanguage\":\"en-US\",\"potentialAction\":[{\"@type\":\"ReadAction\",\"target\":[\"https:\/\/pvgrkdwu.a2hosted.com\/esmentira\/el-abejorro-no-puede-volar\/\"]}]},{\"@type\":\"ImageObject\",\"inLanguage\":\"en-US\",\"@id\":\"https:\/\/pvgrkdwu.a2hosted.com\/esmentira\/el-abejorro-no-puede-volar\/#primaryimage\",\"url\":\"https:\/\/pvgrkdwu.a2hosted.com\/esmentira\/wp-content\/uploads\/2016\/05\/AD2009Aug08_Bombus_pratorum-abejorro.jpg\",\"contentUrl\":\"https:\/\/pvgrkdwu.a2hosted.com\/esmentira\/wp-content\/uploads\/2016\/05\/AD2009Aug08_Bombus_pratorum-abejorro.jpg\",\"width\":800,\"height\":479},{\"@type\":\"WebSite\",\"@id\":\"https:\/\/pvgrkdwu.a2hosted.com\/esmentira\/#website\",\"url\":\"https:\/\/pvgrkdwu.a2hosted.com\/esmentira\/\",\"name\":\"Es mentira\",\"description\":\"Desmintiendo bulos y rumores\",\"potentialAction\":[{\"@type\":\"SearchAction\",\"target\":{\"@type\":\"EntryPoint\",\"urlTemplate\":\"https:\/\/pvgrkdwu.a2hosted.com\/esmentira\/?s={search_term_string}\"},\"query-input\":{\"@type\":\"PropertyValueSpecification\",\"valueRequired\":true,\"valueName\":\"search_term_string\"}}],\"inLanguage\":\"en-US\"},{\"@type\":\"Person\",\"@id\":\"https:\/\/pvgrkdwu.a2hosted.com\/esmentira\/#\/schema\/person\/74c8cf970f838682612a932262e8e921\",\"name\":\"admin\",\"image\":{\"@type\":\"ImageObject\",\"inLanguage\":\"en-US\",\"@id\":\"https:\/\/pvgrkdwu.a2hosted.com\/esmentira\/#\/schema\/person\/image\/\",\"url\":\"https:\/\/secure.gravatar.com\/avatar\/78a69cc78fc35f1e13a9bca9f3fa80ee?s=96&d=mm&r=g\",\"contentUrl\":\"https:\/\/secure.gravatar.com\/avatar\/78a69cc78fc35f1e13a9bca9f3fa80ee?s=96&d=mm&r=g\",\"caption\":\"admin\"},\"sameAs\":[\"https:\/\/x.com\/Archerphoto\"]}]}<\/script>\n<!-- \/ Yoast SEO plugin. -->","yoast_head_json":{"title":"\u00bfEl abejorro no puede volar? - Es mentira","description":"El viejo mito de que el abejorro es cient\u00edficamente incapaz de volar, pero vuela porque no lo sabe, desmontado. \u00bfEl abejorro no puede volar? \u00bfSeguro?","robots":{"index":"index","follow":"follow","max-snippet":"max-snippet:-1","max-image-preview":"max-image-preview:large","max-video-preview":"max-video-preview:-1"},"canonical":"https:\/\/pvgrkdwu.a2hosted.com\/esmentira\/el-abejorro-no-puede-volar\/","og_locale":"en_US","og_type":"article","og_title":"\u00bfEl abejorro no puede volar? - Es mentira","og_description":"El viejo mito de que el abejorro es cient\u00edficamente incapaz de volar, pero vuela porque no lo sabe, desmontado. \u00bfEl abejorro no puede volar? \u00bfSeguro?","og_url":"https:\/\/pvgrkdwu.a2hosted.com\/esmentira\/el-abejorro-no-puede-volar\/","og_site_name":"Es mentira","article_publisher":"https:\/\/www.facebook.com\/JalalalaUniberzitate\/","article_published_time":"2016-05-19T22:12:24+00:00","og_image":[{"width":800,"height":479,"url":"https:\/\/pvgrkdwu.a2hosted.com\/esmentira\/wp-content\/uploads\/2016\/05\/AD2009Aug08_Bombus_pratorum-abejorro.jpg","type":"image\/jpeg"}],"author":"admin","twitter_misc":{"Written by":"admin","Est. reading time":"5 minutes"},"schema":{"@context":"https:\/\/schema.org","@graph":[{"@type":"WebPage","@id":"https:\/\/pvgrkdwu.a2hosted.com\/esmentira\/el-abejorro-no-puede-volar\/","url":"https:\/\/pvgrkdwu.a2hosted.com\/esmentira\/el-abejorro-no-puede-volar\/","name":"\u00bfEl abejorro no puede volar? - Es mentira","isPartOf":{"@id":"https:\/\/pvgrkdwu.a2hosted.com\/esmentira\/#website"},"primaryImageOfPage":{"@id":"https:\/\/pvgrkdwu.a2hosted.com\/esmentira\/el-abejorro-no-puede-volar\/#primaryimage"},"image":{"@id":"https:\/\/pvgrkdwu.a2hosted.com\/esmentira\/el-abejorro-no-puede-volar\/#primaryimage"},"thumbnailUrl":"https:\/\/pvgrkdwu.a2hosted.com\/esmentira\/wp-content\/uploads\/2016\/05\/AD2009Aug08_Bombus_pratorum-abejorro.jpg","datePublished":"2016-05-19T22:12:24+00:00","dateModified":"2016-05-19T22:12:24+00:00","author":{"@id":"https:\/\/pvgrkdwu.a2hosted.com\/esmentira\/#\/schema\/person\/74c8cf970f838682612a932262e8e921"},"description":"El viejo mito de que el abejorro es cient\u00edficamente incapaz de volar, pero vuela porque no lo sabe, desmontado. \u00bfEl abejorro no puede volar? \u00bfSeguro?","inLanguage":"en-US","potentialAction":[{"@type":"ReadAction","target":["https:\/\/pvgrkdwu.a2hosted.com\/esmentira\/el-abejorro-no-puede-volar\/"]}]},{"@type":"ImageObject","inLanguage":"en-US","@id":"https:\/\/pvgrkdwu.a2hosted.com\/esmentira\/el-abejorro-no-puede-volar\/#primaryimage","url":"https:\/\/pvgrkdwu.a2hosted.com\/esmentira\/wp-content\/uploads\/2016\/05\/AD2009Aug08_Bombus_pratorum-abejorro.jpg","contentUrl":"https:\/\/pvgrkdwu.a2hosted.com\/esmentira\/wp-content\/uploads\/2016\/05\/AD2009Aug08_Bombus_pratorum-abejorro.jpg","width":800,"height":479},{"@type":"WebSite","@id":"https:\/\/pvgrkdwu.a2hosted.com\/esmentira\/#website","url":"https:\/\/pvgrkdwu.a2hosted.com\/esmentira\/","name":"Es mentira","description":"Desmintiendo bulos y rumores","potentialAction":[{"@type":"SearchAction","target":{"@type":"EntryPoint","urlTemplate":"https:\/\/pvgrkdwu.a2hosted.com\/esmentira\/?s={search_term_string}"},"query-input":{"@type":"PropertyValueSpecification","valueRequired":true,"valueName":"search_term_string"}}],"inLanguage":"en-US"},{"@type":"Person","@id":"https:\/\/pvgrkdwu.a2hosted.com\/esmentira\/#\/schema\/person\/74c8cf970f838682612a932262e8e921","name":"admin","image":{"@type":"ImageObject","inLanguage":"en-US","@id":"https:\/\/pvgrkdwu.a2hosted.com\/esmentira\/#\/schema\/person\/image\/","url":"https:\/\/secure.gravatar.com\/avatar\/78a69cc78fc35f1e13a9bca9f3fa80ee?s=96&d=mm&r=g","contentUrl":"https:\/\/secure.gravatar.com\/avatar\/78a69cc78fc35f1e13a9bca9f3fa80ee?s=96&d=mm&r=g","caption":"admin"},"sameAs":["https:\/\/x.com\/Archerphoto"]}]}},"_links":{"self":[{"href":"https:\/\/pvgrkdwu.a2hosted.com\/esmentira\/wp-json\/wp\/v2\/posts\/799","targetHints":{"allow":["GET"]}}],"collection":[{"href":"https:\/\/pvgrkdwu.a2hosted.com\/esmentira\/wp-json\/wp\/v2\/posts"}],"about":[{"href":"https:\/\/pvgrkdwu.a2hosted.com\/esmentira\/wp-json\/wp\/v2\/types\/post"}],"author":[{"embeddable":true,"href":"https:\/\/pvgrkdwu.a2hosted.com\/esmentira\/wp-json\/wp\/v2\/users\/1"}],"replies":[{"embeddable":true,"href":"https:\/\/pvgrkdwu.a2hosted.com\/esmentira\/wp-json\/wp\/v2\/comments?post=799"}],"version-history":[{"count":5,"href":"https:\/\/pvgrkdwu.a2hosted.com\/esmentira\/wp-json\/wp\/v2\/posts\/799\/revisions"}],"predecessor-version":[{"id":806,"href":"https:\/\/pvgrkdwu.a2hosted.com\/esmentira\/wp-json\/wp\/v2\/posts\/799\/revisions\/806"}],"wp:featuredmedia":[{"embeddable":true,"href":"https:\/\/pvgrkdwu.a2hosted.com\/esmentira\/wp-json\/wp\/v2\/media\/804"}],"wp:attachment":[{"href":"https:\/\/pvgrkdwu.a2hosted.com\/esmentira\/wp-json\/wp\/v2\/media?parent=799"}],"wp:term":[{"taxonomy":"category","embeddable":true,"href":"https:\/\/pvgrkdwu.a2hosted.com\/esmentira\/wp-json\/wp\/v2\/categories?post=799"},{"taxonomy":"post_tag","embeddable":true,"href":"https:\/\/pvgrkdwu.a2hosted.com\/esmentira\/wp-json\/wp\/v2\/tags?post=799"}],"curies":[{"name":"wp","href":"https:\/\/api.w.org\/{rel}","templated":true}]}}