{"id":711,"date":"2016-01-29T23:41:38","date_gmt":"2016-01-29T23:41:38","guid":{"rendered":"http:\/\/www.archerphoto.eu\/esmentira\/?p=711"},"modified":"2016-09-11T20:09:38","modified_gmt":"2016-09-11T20:09:38","slug":"la-singular-coyuntura-del-gobierno-de-canada","status":"publish","type":"post","link":"https:\/\/pvgrkdwu.a2hosted.com\/esmentira\/la-singular-coyuntura-del-gobierno-de-canada\/","title":{"rendered":"La singular coyuntura del gobierno de Canad\u00e1"},"content":{"rendered":"<p lang=\"zxx\"><span style=\"color: #000000;\"><span style=\"font-family: 'Liberation Serif', serif;\"><span style=\"font-size: large;\">Vale que tenemos el pa\u00eds como el d\u00eda que iban a reformar la charcuter\u00eda de mi primo y no sab\u00edamos si iba a venir un arquitecto, un jefe de obra, el alba\u00f1il o si al final no ven\u00eda nadie, pero eso no quiere decir que seamos un pa\u00eds peor que los dem\u00e1s. O s\u00ed, pero bueno, yo he estado viendo por las redes sociales una imagen en la que se comparte una foto y una informaci\u00f3n sobre lo maravilloso que es el nuevo gobierno de Canad\u00e1. Y estoy seguro de que es escandalosamente bueno, pero la informaci\u00f3n que nos cuentan es, como m\u00ednimo, discutible. Hoy presentamos: la singular coyuntura del gobierno de Canad\u00e1.<\/span><\/span><\/span><\/p>\n<p lang=\"zxx\"><img loading=\"lazy\" decoding=\"async\" class=\"alignnone size-large wp-image-713\" src=\"https:\/\/pvgrkdwu.a2hosted.com\/esmentira\/wp-content\/uploads\/2016\/01\/gobierno-de-canad\u00e1-modified-872x1024.jpg\" alt=\"Gobierno de Canad\u00e1\" width=\"540\" height=\"634\" srcset=\"https:\/\/pvgrkdwu.a2hosted.com\/esmentira\/wp-content\/uploads\/2016\/01\/gobierno-de-canad\u00e1-modified-872x1024.jpg 872w, https:\/\/pvgrkdwu.a2hosted.com\/esmentira\/wp-content\/uploads\/2016\/01\/gobierno-de-canad\u00e1-modified-256x300.jpg 256w, https:\/\/pvgrkdwu.a2hosted.com\/esmentira\/wp-content\/uploads\/2016\/01\/gobierno-de-canad\u00e1-modified-768x902.jpg 768w, https:\/\/pvgrkdwu.a2hosted.com\/esmentira\/wp-content\/uploads\/2016\/01\/gobierno-de-canad\u00e1-modified.jpg 1080w\" sizes=\"auto, (max-width: 540px) 100vw, 540px\" \/><\/p>\n<p lang=\"zxx\"><span style=\"color: #000000;\"><span style=\"font-family: 'Liberation Serif', serif;\"><span style=\"font-size: large;\"><br \/>\nLa cuesti\u00f3n es que casi todo lo que venga de fuera parece mucho mejor. En realidad, esto viene a ser porque nuestras mentes reniegan de la realidad y cubren con una fant\u00e1stica imaginaci\u00f3n lo que desconocemos: supondremos que fuera de Espa\u00f1a se hacen las cosas mucho mejor solo porque nos parece inaceptable lo que pasa aqu\u00ed.<\/span><\/span><\/span><\/p>\n<p lang=\"zxx\"><span style=\"color: #000000;\"> <span style=\"font-family: 'Liberation Serif', serif;\"><span style=\"font-size: large;\">Pero esto no es exclusivo de Espa\u00f1a. Fuentes hist\u00f3ricas, como la pel\u00edcula de Fievel, donde los ratones emigrantes hacia el Nuevo Continente se lanzan a cantar <em>No hay gatos en Am\u00e9rica, las calles de queso son (<a href=\"https:\/\/www.youtube.com\/watch?v=jHioQ18JHoQ\" target=\"_blank\">https:\/\/www.youtube.com\/watch?v=jHioQ18JHoQ<\/a>)<\/em>, son ilustrativas de ese fen\u00f3meno. As\u00ed, alguien decide coger una foto en la que aparece el Primer Ministro de Canad\u00e1 con ministros incluidos, y cuenta un poco de informaci\u00f3n. Sin que sirva de precedente, iremos destripando, una a una, las afirmaciones que se hacen en la foto compartida.<\/span><\/span><\/span><\/p>\n<p lang=\"zxx\"><span style=\"color: #000000;\"><span style=\"font-family: 'Liberation Serif', serif;\"><span style=\"font-size: large;\"><b>Gobierno de Canad\u00e1<\/b><\/span><\/span><\/span><\/p>\n<p lang=\"zxx\"><span style=\"color: #000000;\"><span style=\"font-family: 'Liberation Serif', serif;\"><span style=\"font-size: large;\"><b>El ministro de salud es un gran m\u00e9dico.<\/b><\/span><\/span><\/span><\/p>\n<p lang=\"zxx\"><span style=\"color: #000000;\"><span style=\"font-family: 'Liberation Serif', serif;\"><span style=\"font-size: large;\">Salud: Jane Philpott (m\u00e9dico de familia, profesora asociada de la Universidad de Toronto). <\/span><\/span><\/span><\/p>\n<p lang=\"zxx\"><span style=\"color: #000000;\"><span style=\"font-family: 'Liberation Serif', serif;\"><span style=\"font-size: large;\"><b>El ministro de transporte es un astronauta.<\/b><\/span><\/span><\/span><\/p>\n<p lang=\"zxx\"><span style=\"color: #000000;\"><span style=\"font-family: 'Liberation Serif', serif;\"><span style=\"font-size: large;\">Transporte: Marc Garneau (ingeniero de sistemas de combate y primer astronauta canadiense).<\/span><\/span><\/span><\/p>\n<p lang=\"zxx\"><span style=\"color: #000000;\"><span style=\"font-family: 'Liberation Serif', serif;\"><span style=\"font-size: large;\"><b>El ministro de seguridad es un veterano de guerra.<\/b><\/span><\/span><\/span><\/p>\n<p lang=\"zxx\"><span style=\"color: #000000;\"><span style=\"font-family: 'Liberation Serif', serif;\"><span style=\"font-size: large;\">Seguridad P\u00fablica y Emergencias: Ralph Goodale. Abogado y ex-jefe de la oposici\u00f3n. S\u00ed hay un ministerio de asuntos de veteranos, y el ministro ejerce de ministro asociado de defensa. Kent Hehr, abogado. No es veterano.<\/span><\/span><\/span><\/p>\n<p lang=\"zxx\"><span style=\"color: #000000;\"><span style=\"font-family: 'Liberation Serif', serif;\"><span style=\"font-size: large;\"><b>El ministro de juventud tiene menos de 30 a\u00f1os.<\/b><\/span><\/span><\/span><\/p>\n<p lang=\"zxx\"><span style=\"color: #000000;\"><span style=\"font-family: 'Liberation Serif', serif;\"><span style=\"font-size: large;\">De los asuntos Intergubernamentales se ocupa el propio primer ministro, Justin Trudeau. Es guapete, simp\u00e1tico y con aspecto juvenil. Pero nacido el 25 de diciembre de 1971. 44 a\u00f1os.<\/span><\/span><\/span><\/p>\n<p lang=\"zxx\"><span style=\"color: #000000;\"><span style=\"font-family: 'Liberation Serif', serif;\"><span style=\"font-size: large;\"><b>El ministro de Agricultura es un granjero.<\/b><\/span><\/span><\/span><\/p>\n<p lang=\"zxx\"><span style=\"color: #000000;\"><span style=\"font-family: 'Liberation Serif', serif;\"><span style=\"font-size: large;\">Agricultura y Alimentaci\u00f3n: Lawrence MacAulay. Lleva nueve elecciones consecutivas, ha sido ministro de trabajo y secretario de estado. Una vez vio una vaca.<\/span><\/span><\/span><\/p>\n<p lang=\"zxx\"><span style=\"color: #000000;\"><span style=\"font-family: 'Liberation Serif', serif;\"><span style=\"font-size: large;\"><b>El ministro de finanzas es un empresario exitoso.<\/b><\/span><\/span><\/span><\/p>\n<p lang=\"zxx\"><span style=\"color: #000000;\"><span style=\"font-family: 'Liberation Serif', serif;\"><span style=\"font-size: large;\">Finanzas: William Francis Morneau recogi\u00f3 la empresa familiar con 200 personas y la hizo crecer hasta los 3.300 empleados y ha participado activamente como voluntario en m\u00faltiples actividades.<\/span><\/span><\/span><\/p>\n<p lang=\"zxx\"><span style=\"color: #000000;\"><span style=\"font-family: 'Liberation Serif', serif;\"><span style=\"font-size: large;\"><b>El ministro de justicia es el jefe de la fiscal\u00eda.<\/b><\/span><\/span><\/span><\/p>\n<p lang=\"zxx\"><span style=\"color: #000000;\"><span style=\"font-family: 'Liberation Serif', serif;\"><span style=\"font-size: large;\">Ministra de justicia y Fiscal General del Estado: Jody Wilson-Raybould. Esto es una peque\u00f1a trampa: en Canad\u00e1, por definici\u00f3n, son la misma persona, no es que la hayan fichado a prop\u00f3sito. Am\u00e9n de esto, el exhaustivo trabajo de documentaci\u00f3n realizado nos hace darnos cuenta de que es una mujer.<\/span><\/span><\/span><\/p>\n<p lang=\"zxx\"><span style=\"color: #000000;\"><span style=\"font-family: 'Liberation Serif', serif;\"><span style=\"font-size: large;\"><b>El ministro de Deportes es un medallista ol\u00edmpico.<\/b><\/span><\/span><\/span><\/p>\n<p lang=\"zxx\"><span style=\"color: #000000;\"><span style=\"font-family: 'Liberation Serif', serif;\"><span style=\"font-size: large;\">Deportes y personas con discapacidad: Carla Qualtrough (medallista paral\u00edmpica), tambi\u00e9n mujer.<\/span><\/span><\/span><\/p>\n<p lang=\"zxx\"><span style=\"color: #000000;\"><span style=\"font-family: 'Liberation Serif', serif;\"><span style=\"font-size: large;\"><b>Todos son aut\u00e9nticos especialistas en sus campos.<\/b><\/span><\/span><\/span><\/p>\n<p lang=\"zxx\"><span style=\"color: #000000;\"><span style=\"font-family: 'Liberation Serif', serif;\"><span style=\"font-size: large;\">Pues evidentemente, no. Porque aparte de estos cargos, hay m\u00e1s. El gobierno de Canad\u00e1 tiene 31 ministros y en la foto salen 15 personas incluyendo a Trudeau, primer ministro. <\/span><\/span><\/span><\/p>\n<p lang=\"zxx\"><span style=\"color: #000000;\"><span style=\"font-family: 'Liberation Serif', serif;\"><span style=\"font-size: large;\">Aparte de todo, que el ministro de transporte, por ser astronauta, sea considerado un experto en transporte por el autor de este mensaje me parece muy divertido. Que s\u00ed, que es un viaje espacial, pero no s\u00e9 yo si eso te da autom\u00e1ticamente experiencia sobre carreteras, trenes y puentes. Me da a m\u00ed que no.<\/span><\/span><\/span><\/p>\n<p lang=\"zxx\"><span style=\"color: #000000;\"><span style=\"font-family: 'Liberation Serif', serif;\"><span style=\"font-size: large;\">Investigar esto ha sido de las cosas m\u00e1s incre\u00edbles que me ha pasado. Ha sido maravilloso. Bueno, igual no. Yo entiendo que la gente se venga arriba viendo cualquier ejemplo de un pa\u00eds cualquiera y diciendo que las cosas son mejor que aqu\u00ed, pero un poco de seriedad. Cualquier d\u00eda nos dicen que donde se hacen bien las cosas es en Narnia, Sildavia o Latveria y nos lo creemos. <\/span><\/span><\/span><\/p>\n<p lang=\"zxx\"><span style=\"color: #000000;\"><span style=\"font-family: 'Liberation Serif', serif;\"><span style=\"font-size: large;\">Es l\u00f3gico que aspiremos a que las cosas se hagan bien, pero desde luego, compartir informaci\u00f3n incorrecta no contribuye a mejorar nuestro entorno. Estaba pensando en lanzar una campa\u00f1a en contra de compartir idioteces, pero si triunfa, me quedo sin temas para la secci\u00f3n y solo podr\u00eda hablar de Santos.<\/span><\/span><\/span><\/p>\n<p lang=\"zxx\"><span style=\"color: #000000;\"><span style=\"font-family: 'Liberation Serif', serif;\"><span style=\"font-size: large;\">Y hablando de eso&#8230; Los santos que toca felicitar el 29 de enero (esto lo contamos en M80 Radio el 29 de enero de 2016). Tenemos a San Sarbelio, San Sulpicio Severo, San Juventino y tampoco debemos olvidarnos de que es el d\u00eda de la Beata Boleslava Mar\u00eda Lament, originaria de Bialystok, Polonia. <\/span><\/span><\/span><\/p>\n","protected":false},"excerpt":{"rendered":"<p>Vale que tenemos el pa\u00eds como el d\u00eda que iban a reformar la charcuter\u00eda de mi primo y no sab\u00edamos si iba a venir un arquitecto, un jefe de obra, el alba\u00f1il o si al final no ven\u00eda nadie, pero eso no quiere decir que seamos un pa\u00eds peor que los dem\u00e1s. O s\u00ed, pero &hellip; <\/p>\n<p class=\"link-more\"><a href=\"https:\/\/pvgrkdwu.a2hosted.com\/esmentira\/la-singular-coyuntura-del-gobierno-de-canada\/\" class=\"more-link\">Continue reading<span class=\"screen-reader-text\"> &#8220;La singular coyuntura del gobierno de Canad\u00e1&#8221;<\/span><\/a><\/p>\n","protected":false},"author":1,"featured_media":0,"comment_status":"open","ping_status":"open","sticky":false,"template":"","format":"standard","meta":{"footnotes":""},"categories":[158],"tags":[],"class_list":["post-711","post","type-post","status-publish","format-standard","hentry","category-errores"],"yoast_head":"<!-- This site is optimized with the Yoast SEO plugin v24.3 - https:\/\/yoast.com\/wordpress\/plugins\/seo\/ -->\n<title>La singular coyuntura del gobierno de Canad\u00e1 - Es mentira<\/title>\n<meta name=\"robots\" content=\"index, follow, max-snippet:-1, max-image-preview:large, max-video-preview:-1\" \/>\n<link rel=\"canonical\" href=\"https:\/\/pvgrkdwu.a2hosted.com\/esmentira\/la-singular-coyuntura-del-gobierno-de-canada\/\" \/>\n<meta property=\"og:locale\" content=\"en_US\" \/>\n<meta property=\"og:type\" content=\"article\" \/>\n<meta property=\"og:title\" content=\"La singular coyuntura del gobierno de Canad\u00e1 - Es mentira\" \/>\n<meta property=\"og:description\" content=\"Vale que tenemos el pa\u00eds como el d\u00eda que iban a reformar la charcuter\u00eda de mi primo y no sab\u00edamos si iba a venir un arquitecto, un jefe de obra, el alba\u00f1il o si al final no ven\u00eda nadie, pero eso no quiere decir que seamos un pa\u00eds peor que los dem\u00e1s. O s\u00ed, pero &hellip; Continue reading &quot;La singular coyuntura del gobierno de Canad\u00e1&quot;\" \/>\n<meta property=\"og:url\" content=\"https:\/\/pvgrkdwu.a2hosted.com\/esmentira\/la-singular-coyuntura-del-gobierno-de-canada\/\" \/>\n<meta property=\"og:site_name\" content=\"Es mentira\" \/>\n<meta property=\"article:publisher\" content=\"https:\/\/www.facebook.com\/JalalalaUniberzitate\/\" \/>\n<meta property=\"article:published_time\" content=\"2016-01-29T23:41:38+00:00\" \/>\n<meta property=\"article:modified_time\" content=\"2016-09-11T20:09:38+00:00\" \/>\n<meta property=\"og:image\" content=\"https:\/\/pvgrkdwu.a2hosted.com\/esmentira\/wp-content\/uploads\/2016\/01\/gobierno-de-canad\u00e1-modified-872x1024.jpg\" \/>\n<meta name=\"author\" content=\"admin\" \/>\n<meta name=\"twitter:label1\" content=\"Written by\" \/>\n\t<meta name=\"twitter:data1\" content=\"admin\" \/>\n\t<meta name=\"twitter:label2\" content=\"Est. reading time\" \/>\n\t<meta name=\"twitter:data2\" content=\"4 minutes\" \/>\n<script type=\"application\/ld+json\" class=\"yoast-schema-graph\">{\"@context\":\"https:\/\/schema.org\",\"@graph\":[{\"@type\":\"WebPage\",\"@id\":\"https:\/\/pvgrkdwu.a2hosted.com\/esmentira\/la-singular-coyuntura-del-gobierno-de-canada\/\",\"url\":\"https:\/\/pvgrkdwu.a2hosted.com\/esmentira\/la-singular-coyuntura-del-gobierno-de-canada\/\",\"name\":\"La singular coyuntura del gobierno de Canad\u00e1 - Es mentira\",\"isPartOf\":{\"@id\":\"https:\/\/pvgrkdwu.a2hosted.com\/esmentira\/#website\"},\"datePublished\":\"2016-01-29T23:41:38+00:00\",\"dateModified\":\"2016-09-11T20:09:38+00:00\",\"author\":{\"@id\":\"https:\/\/pvgrkdwu.a2hosted.com\/esmentira\/#\/schema\/person\/74c8cf970f838682612a932262e8e921\"},\"inLanguage\":\"en-US\",\"potentialAction\":[{\"@type\":\"ReadAction\",\"target\":[\"https:\/\/pvgrkdwu.a2hosted.com\/esmentira\/la-singular-coyuntura-del-gobierno-de-canada\/\"]}]},{\"@type\":\"WebSite\",\"@id\":\"https:\/\/pvgrkdwu.a2hosted.com\/esmentira\/#website\",\"url\":\"https:\/\/pvgrkdwu.a2hosted.com\/esmentira\/\",\"name\":\"Es mentira\",\"description\":\"Desmintiendo bulos y rumores\",\"potentialAction\":[{\"@type\":\"SearchAction\",\"target\":{\"@type\":\"EntryPoint\",\"urlTemplate\":\"https:\/\/pvgrkdwu.a2hosted.com\/esmentira\/?s={search_term_string}\"},\"query-input\":{\"@type\":\"PropertyValueSpecification\",\"valueRequired\":true,\"valueName\":\"search_term_string\"}}],\"inLanguage\":\"en-US\"},{\"@type\":\"Person\",\"@id\":\"https:\/\/pvgrkdwu.a2hosted.com\/esmentira\/#\/schema\/person\/74c8cf970f838682612a932262e8e921\",\"name\":\"admin\",\"image\":{\"@type\":\"ImageObject\",\"inLanguage\":\"en-US\",\"@id\":\"https:\/\/pvgrkdwu.a2hosted.com\/esmentira\/#\/schema\/person\/image\/\",\"url\":\"https:\/\/secure.gravatar.com\/avatar\/78a69cc78fc35f1e13a9bca9f3fa80ee?s=96&d=mm&r=g\",\"contentUrl\":\"https:\/\/secure.gravatar.com\/avatar\/78a69cc78fc35f1e13a9bca9f3fa80ee?s=96&d=mm&r=g\",\"caption\":\"admin\"},\"sameAs\":[\"https:\/\/x.com\/Archerphoto\"]}]}<\/script>\n<!-- \/ Yoast SEO plugin. -->","yoast_head_json":{"title":"La singular coyuntura del gobierno de Canad\u00e1 - Es mentira","robots":{"index":"index","follow":"follow","max-snippet":"max-snippet:-1","max-image-preview":"max-image-preview:large","max-video-preview":"max-video-preview:-1"},"canonical":"https:\/\/pvgrkdwu.a2hosted.com\/esmentira\/la-singular-coyuntura-del-gobierno-de-canada\/","og_locale":"en_US","og_type":"article","og_title":"La singular coyuntura del gobierno de Canad\u00e1 - Es mentira","og_description":"Vale que tenemos el pa\u00eds como el d\u00eda que iban a reformar la charcuter\u00eda de mi primo y no sab\u00edamos si iba a venir un arquitecto, un jefe de obra, el alba\u00f1il o si al final no ven\u00eda nadie, pero eso no quiere decir que seamos un pa\u00eds peor que los dem\u00e1s. O s\u00ed, pero &hellip; Continue reading \"La singular coyuntura del gobierno de Canad\u00e1\"","og_url":"https:\/\/pvgrkdwu.a2hosted.com\/esmentira\/la-singular-coyuntura-del-gobierno-de-canada\/","og_site_name":"Es mentira","article_publisher":"https:\/\/www.facebook.com\/JalalalaUniberzitate\/","article_published_time":"2016-01-29T23:41:38+00:00","article_modified_time":"2016-09-11T20:09:38+00:00","og_image":[{"url":"https:\/\/pvgrkdwu.a2hosted.com\/esmentira\/wp-content\/uploads\/2016\/01\/gobierno-de-canad\u00e1-modified-872x1024.jpg","type":"","width":"","height":""}],"author":"admin","twitter_misc":{"Written by":"admin","Est. reading time":"4 minutes"},"schema":{"@context":"https:\/\/schema.org","@graph":[{"@type":"WebPage","@id":"https:\/\/pvgrkdwu.a2hosted.com\/esmentira\/la-singular-coyuntura-del-gobierno-de-canada\/","url":"https:\/\/pvgrkdwu.a2hosted.com\/esmentira\/la-singular-coyuntura-del-gobierno-de-canada\/","name":"La singular coyuntura del gobierno de Canad\u00e1 - Es mentira","isPartOf":{"@id":"https:\/\/pvgrkdwu.a2hosted.com\/esmentira\/#website"},"datePublished":"2016-01-29T23:41:38+00:00","dateModified":"2016-09-11T20:09:38+00:00","author":{"@id":"https:\/\/pvgrkdwu.a2hosted.com\/esmentira\/#\/schema\/person\/74c8cf970f838682612a932262e8e921"},"inLanguage":"en-US","potentialAction":[{"@type":"ReadAction","target":["https:\/\/pvgrkdwu.a2hosted.com\/esmentira\/la-singular-coyuntura-del-gobierno-de-canada\/"]}]},{"@type":"WebSite","@id":"https:\/\/pvgrkdwu.a2hosted.com\/esmentira\/#website","url":"https:\/\/pvgrkdwu.a2hosted.com\/esmentira\/","name":"Es mentira","description":"Desmintiendo bulos y rumores","potentialAction":[{"@type":"SearchAction","target":{"@type":"EntryPoint","urlTemplate":"https:\/\/pvgrkdwu.a2hosted.com\/esmentira\/?s={search_term_string}"},"query-input":{"@type":"PropertyValueSpecification","valueRequired":true,"valueName":"search_term_string"}}],"inLanguage":"en-US"},{"@type":"Person","@id":"https:\/\/pvgrkdwu.a2hosted.com\/esmentira\/#\/schema\/person\/74c8cf970f838682612a932262e8e921","name":"admin","image":{"@type":"ImageObject","inLanguage":"en-US","@id":"https:\/\/pvgrkdwu.a2hosted.com\/esmentira\/#\/schema\/person\/image\/","url":"https:\/\/secure.gravatar.com\/avatar\/78a69cc78fc35f1e13a9bca9f3fa80ee?s=96&d=mm&r=g","contentUrl":"https:\/\/secure.gravatar.com\/avatar\/78a69cc78fc35f1e13a9bca9f3fa80ee?s=96&d=mm&r=g","caption":"admin"},"sameAs":["https:\/\/x.com\/Archerphoto"]}]}},"_links":{"self":[{"href":"https:\/\/pvgrkdwu.a2hosted.com\/esmentira\/wp-json\/wp\/v2\/posts\/711","targetHints":{"allow":["GET"]}}],"collection":[{"href":"https:\/\/pvgrkdwu.a2hosted.com\/esmentira\/wp-json\/wp\/v2\/posts"}],"about":[{"href":"https:\/\/pvgrkdwu.a2hosted.com\/esmentira\/wp-json\/wp\/v2\/types\/post"}],"author":[{"embeddable":true,"href":"https:\/\/pvgrkdwu.a2hosted.com\/esmentira\/wp-json\/wp\/v2\/users\/1"}],"replies":[{"embeddable":true,"href":"https:\/\/pvgrkdwu.a2hosted.com\/esmentira\/wp-json\/wp\/v2\/comments?post=711"}],"version-history":[{"count":5,"href":"https:\/\/pvgrkdwu.a2hosted.com\/esmentira\/wp-json\/wp\/v2\/posts\/711\/revisions"}],"predecessor-version":[{"id":856,"href":"https:\/\/pvgrkdwu.a2hosted.com\/esmentira\/wp-json\/wp\/v2\/posts\/711\/revisions\/856"}],"wp:attachment":[{"href":"https:\/\/pvgrkdwu.a2hosted.com\/esmentira\/wp-json\/wp\/v2\/media?parent=711"}],"wp:term":[{"taxonomy":"category","embeddable":true,"href":"https:\/\/pvgrkdwu.a2hosted.com\/esmentira\/wp-json\/wp\/v2\/categories?post=711"},{"taxonomy":"post_tag","embeddable":true,"href":"https:\/\/pvgrkdwu.a2hosted.com\/esmentira\/wp-json\/wp\/v2\/tags?post=711"}],"curies":[{"name":"wp","href":"https:\/\/api.w.org\/{rel}","templated":true}]}}