{"id":668,"date":"2016-01-05T22:51:18","date_gmt":"2016-01-05T22:51:18","guid":{"rendered":"http:\/\/www.archerphoto.eu\/esmentira\/?p=668"},"modified":"2016-01-05T22:51:18","modified_gmt":"2016-01-05T22:51:18","slug":"la-relevante-realidad-de-los-tres-reyes-magos-de-oriente","status":"publish","type":"post","link":"https:\/\/pvgrkdwu.a2hosted.com\/esmentira\/la-relevante-realidad-de-los-tres-reyes-magos-de-oriente\/","title":{"rendered":"La relevante realidad de los Tres Reyes Magos de Oriente"},"content":{"rendered":"<p lang=\"zxx\">Hoy es un d\u00eda especial. Muy navide\u00f1o. Todo el mundo est\u00e1 pensando en regalos, en felicidad y en cabalgatas. \u00bfTodo el mundo? \u00a1No! Un colaborador del programa es irreductible y se resiste todav\u00eda y siempre a gente disfrazada que organiza eventos extra\u00f1os por todo el territorio. Hoy hablaremos de la relevante realidad de los Tres Reyes Magos de Oriente.<\/p>\n<figure id=\"attachment_671\" aria-describedby=\"caption-attachment-671\" style=\"width: 540px\" class=\"wp-caption alignnone\"><a href=\"https:\/\/pvgrkdwu.a2hosted.com\/esmentira\/?attachment_id=671#main\" rel=\"attachment wp-att-671\"><img loading=\"lazy\" decoding=\"async\" class=\"wp-image-671 size-large\" src=\"https:\/\/pvgrkdwu.a2hosted.com\/esmentira\/wp-content\/uploads\/2016\/01\/IMG_2953_small-766x1024.jpg\" alt=\"Reyes Magos\" width=\"540\" height=\"722\" srcset=\"https:\/\/pvgrkdwu.a2hosted.com\/esmentira\/wp-content\/uploads\/2016\/01\/IMG_2953_small-766x1024.jpg 766w, https:\/\/pvgrkdwu.a2hosted.com\/esmentira\/wp-content\/uploads\/2016\/01\/IMG_2953_small-224x300.jpg 224w, https:\/\/pvgrkdwu.a2hosted.com\/esmentira\/wp-content\/uploads\/2016\/01\/IMG_2953_small-768x1027.jpg 768w, https:\/\/pvgrkdwu.a2hosted.com\/esmentira\/wp-content\/uploads\/2016\/01\/IMG_2953_small.jpg 1122w\" sizes=\"auto, (max-width: 540px) 100vw, 540px\" \/><\/a><figcaption id=\"caption-attachment-671\" class=\"wp-caption-text\">Recreaci\u00f3n libre de la visita de los Reyes Magos.<\/figcaption><\/figure>\n<p lang=\"zxx\">Como todo el mundo est\u00e1 muy contento, yo me siento en la obligaci\u00f3n que tenemos los aguafiestas de aportar el contrapunto. A todo el mundo le gustan los Reyes Magos, \u00bfno? Bueno, digamos que yo creo que se trata de unos personajes que han tenido probablemente la mejor agencia de comunicaci\u00f3n del mundo. Para empezar, en un principio no eran reyes, solo magos, como menciona la Biblia, y en los evangelios el n\u00famero de magos oscila entre dos y doce. Tres parece un buen n\u00famero, pero si hubiesen sido los Cinco Magos de Oriente ahora podr\u00edan jugar un partido de b\u00e1sket contra alg\u00fan equipo de la liga. Dejando aparte el tema de los n\u00fameros, su papel en los acontecimientos que suceden con el nacimiento de Jes\u00fas de Nazaret es menos positivo del que parece. Podemos acabar de reventar la historia con el hecho de que &#8220;magos&#8221; es un t\u00e9rmino que se emplea con una traducci\u00f3n del griego, que puede referirse a &#8220;hombres sabios&#8221;, como de hecho, traducen los ingleses.<\/p>\n<p lang=\"zxx\">El Evangelio de Mateo es el \u00fanico que cuenta la historia de los no-tres-no-reyes:<\/p>\n<p lang=\"zxx\"><em><span style=\"color: #404040;\"><span style=\"font-family: Arial, Helvetica, sans-serif;\"><span style=\"font-size: small;\">Mat<\/span><\/span><\/span><span style=\"color: #404040;\"><span style=\"font-family: Arial, Helvetica, sans-serif;\"><span style=\"font-size: small;\">eo<\/span><\/span><\/span><span style=\"color: #404040;\"><span style=\"font-family: Arial, Helvetica, sans-serif;\"><span style=\"font-size: small;\"> 2:1 Cuando Jes\u00fas naci\u00f3 en Bel\u00e9n de Judea en d\u00edas del rey Herodes, vinieron del oriente a Jerusal\u00e9n unos magos,<\/span><\/span><\/span><br \/>\n<span style=\"color: #404040;\"><span style=\"font-family: Arial, Helvetica, sans-serif;\"><span style=\"font-size: small;\">Mat<\/span><\/span><\/span><span style=\"color: #404040;\"><span style=\"font-family: Arial, Helvetica, sans-serif;\"><span style=\"font-size: small;\">eo<\/span><\/span><\/span><span style=\"color: #404040;\"><span style=\"font-family: Arial, Helvetica, sans-serif;\"><span style=\"font-size: small;\"> 2:2 diciendo: \u00bfD\u00f3nde est\u00e1 el rey de los jud\u00edos, que ha nacido? Porque su estrella hemos visto en el oriente, y venimos a adorarle.<\/span><\/span><\/span><\/em><\/p>\n<p lang=\"zxx\">Por si fuese poco, los Magos son avisados por Herodes, que les pide que hagan de agentes de inteligencia y le avisen una vez lo hayan visto, pero la jugada le sale rana y los magos se escaquean.<\/p>\n<p lang=\"zxx\"><em><span style=\"color: #404040;\"><span style=\"font-family: Arial, Helvetica, sans-serif;\"><span style=\"font-size: small;\">Mat<\/span><\/span><\/span><span style=\"color: #404040;\"><span style=\"font-family: Arial, Helvetica, sans-serif;\"><span style=\"font-size: small;\">eo<\/span><\/span><\/span><span style=\"color: #404040;\"><span style=\"font-family: Arial, Helvetica, sans-serif;\"><span style=\"font-size: small;\"> 2:7 Entonces Herodes, llamando en secreto a los magos, indag\u00f3 de ellos diligentemente el tiempo de la aparici\u00f3n de la estrella;<\/span><\/span><\/span><\/em><br \/>\n<em> <span style=\"color: #404040;\"><span style=\"font-family: Arial, Helvetica, sans-serif;\"><span style=\"font-size: small;\">Mat<\/span><\/span><\/span><span style=\"color: #404040;\"><span style=\"font-family: Arial, Helvetica, sans-serif;\"><span style=\"font-size: small;\">eo<\/span><\/span><\/span><span style=\"color: #404040;\"><span style=\"font-family: Arial, Helvetica, sans-serif;\"><span style=\"font-size: small;\"> 2:8 y envi\u00e1ndolos a Bel\u00e9n, dijo: Id all\u00e1 y averiguad con diligencia acerca del ni\u00f1o; y cuando le hall\u00e9is, hac\u00e9dmelo saber, para que yo tambi\u00e9n vaya y le adore.<\/span><\/span><\/span><\/em><br \/>\n<em> <span style=\"color: #404040;\"><span style=\"font-family: Arial, Helvetica, sans-serif;\"><span style=\"font-size: small;\">Mat<\/span><\/span><\/span><span style=\"color: #404040;\"><span style=\"font-family: Arial, Helvetica, sans-serif;\"><span style=\"font-size: small;\">eo<\/span><\/span><\/span><span style=\"color: #404040;\"><span style=\"font-family: Arial, Helvetica, sans-serif;\"><span style=\"font-size: small;\"> 2:9 Ellos, habiendo o\u00eddo al rey, se fueron; y he aqu\u00ed la estrella que hab\u00edan visto en el oriente iba delante de ellos, hasta que llegando, se detuvo sobre donde estaba el ni\u00f1o.<\/span><\/span><\/span><\/em><br \/>\n<em> <span style=\"color: #404040;\"><span style=\"font-family: Arial, Helvetica, sans-serif;\"><span style=\"font-size: small;\">Mat<\/span><\/span><\/span><span style=\"color: #404040;\"><span style=\"font-family: Arial, Helvetica, sans-serif;\"><span style=\"font-size: small;\">eo<\/span><\/span><\/span><span style=\"color: #404040;\"><span style=\"font-family: Arial, Helvetica, sans-serif;\"><span style=\"font-size: small;\"> 2:10 Y al ver la estrella, se regocijaron con muy grande gozo.<\/span><\/span><\/span> <\/em><\/p>\n<p lang=\"zxx\">Los Magos se acercan, llevan sus regalos: oro, incienso y mirra. La mirra, por cierto, entonces era muy valorada para hacer incienso, perfume y para embalsamar, y hoy en d\u00eda la gomorresina que es el componente principal se usa para hacer elixir bucodental. Con todo, parece una idea poco brillante como para hacer un regalo, pero tampoco sabemos si todos estaban preocupados por quedar igual de bien ni si hab\u00edan hablado entre ellos sobre qu\u00e9 iba a llevar cada uno.<\/p>\n<p lang=\"zxx\"><em><span style=\"color: #404040;\"><span style=\"font-family: Arial, Helvetica, sans-serif;\"><span style=\"font-size: small;\">Mat<\/span><\/span><\/span><span style=\"color: #404040;\"><span style=\"font-family: Arial, Helvetica, sans-serif;\"><span style=\"font-size: small;\">eo<\/span><\/span><\/span><span style=\"color: #404040;\"><span style=\"font-family: Arial, Helvetica, sans-serif;\"><span style=\"font-size: small;\"> 2:12 Pero siendo avisados por revelaci\u00f3n en sue\u00f1os que no volviesen a Herodes, regresaron a su tierra por otro camino.<\/span><\/span><\/span><\/em><br \/>\n<em> <span style=\"color: #404040;\"><span style=\"font-family: Arial, Helvetica, sans-serif;\"><span style=\"font-size: small;\">Mat<\/span><\/span><\/span><span style=\"color: #404040;\"><span style=\"font-family: Arial, Helvetica, sans-serif;\"><span style=\"font-size: small;\">eo<\/span><\/span><\/span><span style=\"color: #404040;\"><span style=\"font-family: Arial, Helvetica, sans-serif;\"><span style=\"font-size: small;\"> 2:13 Despu\u00e9s que partieron ellos, he aqu\u00ed un \u00e1ngel del Se\u00f1or apareci\u00f3 en sue\u00f1os a Jos\u00e9 y dijo: Lev\u00e1ntate y toma al ni\u00f1o y a su madre, y huye a Egipto, y permanece all\u00e1 hasta que yo te diga; porque acontecer\u00e1 que Herodes buscar\u00e1 al ni\u00f1o para matarlo.<\/span><\/span><\/span> <\/em><\/p>\n<p lang=\"zxx\">Y de hecho, el cabreo que coge Herodes es el responsable de la matanza de ni\u00f1os que se lleva a cabo.<\/p>\n<p lang=\"zxx\"><em><span style=\"color: #404040;\"><span style=\"font-family: Arial, Helvetica, sans-serif;\"><span style=\"font-size: small;\">Mat<\/span><\/span><\/span><span style=\"color: #404040;\"><span style=\"font-family: Arial, Helvetica, sans-serif;\"><span style=\"font-size: small;\">eo<\/span><\/span><\/span><span style=\"color: #404040;\"><span style=\"font-family: Arial, Helvetica, sans-serif;\"><span style=\"font-size: small;\"> 2:16 Herodes entonces, cuando se vio burlado por los magos, se enoj\u00f3 mucho, y mand\u00f3 matar a todos los ni\u00f1os menores de dos a\u00f1os que hab\u00eda en Bel\u00e9n y en todos sus alrededores, conforme al tiempo que hab\u00eda inquirido de los magos.<\/span><\/span><\/span> <\/em><\/p>\n<p lang=\"zxx\">Claro, si uno tiene en cuenta de qui\u00e9n es la culpa de que Herodes se encolerice empieza a dudar de los motivos por los que se considera a los Magos amigos de los ni\u00f1os. Evidentemente, no tienen la responsabilidad directa, pero vamos, que, con los textos en la mano, no quedan muy bien&#8230;<\/p>\n<p lang=\"zxx\">Si seguimos indagando, la cosa es que ni siquiera parece que sean de Oriente, ya que seg\u00fan el \u00faltimo libro escrito por Benedicto XVI sobre la infancia de Jes\u00fas su origen podr\u00eda estar en Tartessos, la civilizaci\u00f3n perdida entre Huelva, C\u00e1diz y Sevilla. Fuentes anteriores aportaban nombres como Hormisdas, Jazdegard, Hor, Basander, Karundas y fue en el siglo VI cuando se les colocaron los nombres de Gaspar, Melchor y Baltasar. De hecho, en cada sitio los llaman de una manera: nombres et\u00edopes, sirios, hebreos&#8230;<\/p>\n<p lang=\"zxx\">Resumiendo: no eran tres, no eran magos y no eran de Oriente. Y no voy a entrar en el tema de dejarles copas de brandy por la noche para que beban, ni de los camellos, ni de los pajes, ni de nada m\u00e1s.<\/p>\n<p lang=\"zxx\"><a href=\"http:\/\/www.snopes.com\/holidays\/christmas\/3wisemen.asp\">http:\/\/www.snopes.com\/holidays\/christmas\/3wisemen.asp<\/a><\/p>\n<p lang=\"zxx\"><a href=\"https:\/\/es.wikipedia.org\/wiki\/Mirra\">https:\/\/es.wikipedia.org\/wiki\/Mirra<\/a><\/p>\n<p lang=\"zxx\"><a href=\"http:\/\/www.bibliaenlinea.org\/mateo\">http:\/\/www.bibliaenlinea.org\/mateo<\/a><\/p>\n<p lang=\"zxx\"><a href=\"http:\/\/licenciahistorica.blogspot.com.es\/2015\/12\/ya-vienen-los-reyes-magos-una-breve.html\">http:\/\/licenciahistorica.blogspot.com.es\/2015\/12\/ya-vienen-los-reyes-magos-una-breve.html<\/a><\/p>\n<p lang=\"zxx\">Esta historia la contamos el 5 de enero de 2016 en La Noche es para M\u00ed, con Miguel Coll, en M80 Radio. Y, eh, hay fotos: <a href=\"http:\/\/Archerphoto.eu\/noche-de-reyes\" target=\"_blank\">http:\/\/Archerphoto.eu\/noche-de-reyes<\/a><\/p>\n","protected":false},"excerpt":{"rendered":"<p>Hoy es un d\u00eda especial. Muy navide\u00f1o. Todo el mundo est\u00e1 pensando en regalos, en felicidad y en cabalgatas. \u00bfTodo el mundo? \u00a1No! Un colaborador del programa es irreductible y se resiste todav\u00eda y siempre a gente disfrazada que organiza eventos extra\u00f1os por todo el territorio. Hoy hablaremos de la relevante realidad de los Tres &hellip; <\/p>\n<p class=\"link-more\"><a href=\"https:\/\/pvgrkdwu.a2hosted.com\/esmentira\/la-relevante-realidad-de-los-tres-reyes-magos-de-oriente\/\" class=\"more-link\">Continue reading<span class=\"screen-reader-text\"> &#8220;La relevante realidad de los Tres Reyes Magos de Oriente&#8221;<\/span><\/a><\/p>\n","protected":false},"author":1,"featured_media":672,"comment_status":"open","ping_status":"open","sticky":false,"template":"","format":"standard","meta":{"footnotes":""},"categories":[1],"tags":[151],"class_list":["post-668","post","type-post","status-publish","format-standard","has-post-thumbnail","hentry","category-uncategorized","tag-reyes-magos"],"yoast_head":"<!-- This site is optimized with the Yoast SEO plugin v24.3 - https:\/\/yoast.com\/wordpress\/plugins\/seo\/ -->\n<title>La relevante realidad de los Tres Reyes Magos de Oriente - Es mentira<\/title>\n<meta name=\"description\" content=\"Tres Reyes Magos le llevan regalos a Jes\u00fas. \u00bfEst\u00e1 todo claro o nos cabe alguna duda? Pues si miramos con detalle...\" \/>\n<meta name=\"robots\" content=\"index, follow, max-snippet:-1, max-image-preview:large, max-video-preview:-1\" \/>\n<link rel=\"canonical\" href=\"https:\/\/pvgrkdwu.a2hosted.com\/esmentira\/la-relevante-realidad-de-los-tres-reyes-magos-de-oriente\/\" \/>\n<meta property=\"og:locale\" content=\"en_US\" \/>\n<meta property=\"og:type\" content=\"article\" \/>\n<meta property=\"og:title\" content=\"La relevante realidad de los Tres Reyes Magos de Oriente - Es mentira\" \/>\n<meta property=\"og:description\" content=\"Tres Reyes Magos le llevan regalos a Jes\u00fas. \u00bfEst\u00e1 todo claro o nos cabe alguna duda? Pues si miramos con detalle...\" \/>\n<meta property=\"og:url\" content=\"https:\/\/pvgrkdwu.a2hosted.com\/esmentira\/la-relevante-realidad-de-los-tres-reyes-magos-de-oriente\/\" \/>\n<meta property=\"og:site_name\" content=\"Es mentira\" \/>\n<meta property=\"article:publisher\" content=\"https:\/\/www.facebook.com\/JalalalaUniberzitate\/\" \/>\n<meta property=\"article:published_time\" content=\"2016-01-05T22:51:18+00:00\" \/>\n<meta property=\"og:image\" content=\"https:\/\/pvgrkdwu.a2hosted.com\/esmentira\/wp-content\/uploads\/2016\/01\/IMG_2918_small.jpg\" \/>\n\t<meta property=\"og:image:width\" content=\"1500\" \/>\n\t<meta property=\"og:image:height\" content=\"877\" \/>\n\t<meta property=\"og:image:type\" content=\"image\/jpeg\" \/>\n<meta name=\"author\" content=\"admin\" \/>\n<meta name=\"twitter:label1\" content=\"Written by\" \/>\n\t<meta name=\"twitter:data1\" content=\"admin\" \/>\n\t<meta name=\"twitter:label2\" content=\"Est. reading time\" \/>\n\t<meta name=\"twitter:data2\" content=\"5 minutes\" \/>\n<script type=\"application\/ld+json\" class=\"yoast-schema-graph\">{\"@context\":\"https:\/\/schema.org\",\"@graph\":[{\"@type\":\"WebPage\",\"@id\":\"https:\/\/pvgrkdwu.a2hosted.com\/esmentira\/la-relevante-realidad-de-los-tres-reyes-magos-de-oriente\/\",\"url\":\"https:\/\/pvgrkdwu.a2hosted.com\/esmentira\/la-relevante-realidad-de-los-tres-reyes-magos-de-oriente\/\",\"name\":\"La relevante realidad de los Tres Reyes Magos de Oriente - Es mentira\",\"isPartOf\":{\"@id\":\"https:\/\/pvgrkdwu.a2hosted.com\/esmentira\/#website\"},\"primaryImageOfPage\":{\"@id\":\"https:\/\/pvgrkdwu.a2hosted.com\/esmentira\/la-relevante-realidad-de-los-tres-reyes-magos-de-oriente\/#primaryimage\"},\"image\":{\"@id\":\"https:\/\/pvgrkdwu.a2hosted.com\/esmentira\/la-relevante-realidad-de-los-tres-reyes-magos-de-oriente\/#primaryimage\"},\"thumbnailUrl\":\"https:\/\/pvgrkdwu.a2hosted.com\/esmentira\/wp-content\/uploads\/2016\/01\/IMG_2918_small.jpg\",\"datePublished\":\"2016-01-05T22:51:18+00:00\",\"dateModified\":\"2016-01-05T22:51:18+00:00\",\"author\":{\"@id\":\"https:\/\/pvgrkdwu.a2hosted.com\/esmentira\/#\/schema\/person\/74c8cf970f838682612a932262e8e921\"},\"description\":\"Tres Reyes Magos le llevan regalos a Jes\u00fas. \u00bfEst\u00e1 todo claro o nos cabe alguna duda? Pues si miramos con detalle...\",\"inLanguage\":\"en-US\",\"potentialAction\":[{\"@type\":\"ReadAction\",\"target\":[\"https:\/\/pvgrkdwu.a2hosted.com\/esmentira\/la-relevante-realidad-de-los-tres-reyes-magos-de-oriente\/\"]}]},{\"@type\":\"ImageObject\",\"inLanguage\":\"en-US\",\"@id\":\"https:\/\/pvgrkdwu.a2hosted.com\/esmentira\/la-relevante-realidad-de-los-tres-reyes-magos-de-oriente\/#primaryimage\",\"url\":\"https:\/\/pvgrkdwu.a2hosted.com\/esmentira\/wp-content\/uploads\/2016\/01\/IMG_2918_small.jpg\",\"contentUrl\":\"https:\/\/pvgrkdwu.a2hosted.com\/esmentira\/wp-content\/uploads\/2016\/01\/IMG_2918_small.jpg\",\"width\":1500,\"height\":877},{\"@type\":\"WebSite\",\"@id\":\"https:\/\/pvgrkdwu.a2hosted.com\/esmentira\/#website\",\"url\":\"https:\/\/pvgrkdwu.a2hosted.com\/esmentira\/\",\"name\":\"Es mentira\",\"description\":\"Desmintiendo bulos y rumores\",\"potentialAction\":[{\"@type\":\"SearchAction\",\"target\":{\"@type\":\"EntryPoint\",\"urlTemplate\":\"https:\/\/pvgrkdwu.a2hosted.com\/esmentira\/?s={search_term_string}\"},\"query-input\":{\"@type\":\"PropertyValueSpecification\",\"valueRequired\":true,\"valueName\":\"search_term_string\"}}],\"inLanguage\":\"en-US\"},{\"@type\":\"Person\",\"@id\":\"https:\/\/pvgrkdwu.a2hosted.com\/esmentira\/#\/schema\/person\/74c8cf970f838682612a932262e8e921\",\"name\":\"admin\",\"image\":{\"@type\":\"ImageObject\",\"inLanguage\":\"en-US\",\"@id\":\"https:\/\/pvgrkdwu.a2hosted.com\/esmentira\/#\/schema\/person\/image\/\",\"url\":\"https:\/\/secure.gravatar.com\/avatar\/78a69cc78fc35f1e13a9bca9f3fa80ee?s=96&d=mm&r=g\",\"contentUrl\":\"https:\/\/secure.gravatar.com\/avatar\/78a69cc78fc35f1e13a9bca9f3fa80ee?s=96&d=mm&r=g\",\"caption\":\"admin\"},\"sameAs\":[\"https:\/\/x.com\/Archerphoto\"]}]}<\/script>\n<!-- \/ Yoast SEO plugin. -->","yoast_head_json":{"title":"La relevante realidad de los Tres Reyes Magos de Oriente - Es mentira","description":"Tres Reyes Magos le llevan regalos a Jes\u00fas. \u00bfEst\u00e1 todo claro o nos cabe alguna duda? Pues si miramos con detalle...","robots":{"index":"index","follow":"follow","max-snippet":"max-snippet:-1","max-image-preview":"max-image-preview:large","max-video-preview":"max-video-preview:-1"},"canonical":"https:\/\/pvgrkdwu.a2hosted.com\/esmentira\/la-relevante-realidad-de-los-tres-reyes-magos-de-oriente\/","og_locale":"en_US","og_type":"article","og_title":"La relevante realidad de los Tres Reyes Magos de Oriente - Es mentira","og_description":"Tres Reyes Magos le llevan regalos a Jes\u00fas. \u00bfEst\u00e1 todo claro o nos cabe alguna duda? Pues si miramos con detalle...","og_url":"https:\/\/pvgrkdwu.a2hosted.com\/esmentira\/la-relevante-realidad-de-los-tres-reyes-magos-de-oriente\/","og_site_name":"Es mentira","article_publisher":"https:\/\/www.facebook.com\/JalalalaUniberzitate\/","article_published_time":"2016-01-05T22:51:18+00:00","og_image":[{"width":1500,"height":877,"url":"https:\/\/pvgrkdwu.a2hosted.com\/esmentira\/wp-content\/uploads\/2016\/01\/IMG_2918_small.jpg","type":"image\/jpeg"}],"author":"admin","twitter_misc":{"Written by":"admin","Est. reading time":"5 minutes"},"schema":{"@context":"https:\/\/schema.org","@graph":[{"@type":"WebPage","@id":"https:\/\/pvgrkdwu.a2hosted.com\/esmentira\/la-relevante-realidad-de-los-tres-reyes-magos-de-oriente\/","url":"https:\/\/pvgrkdwu.a2hosted.com\/esmentira\/la-relevante-realidad-de-los-tres-reyes-magos-de-oriente\/","name":"La relevante realidad de los Tres Reyes Magos de Oriente - Es mentira","isPartOf":{"@id":"https:\/\/pvgrkdwu.a2hosted.com\/esmentira\/#website"},"primaryImageOfPage":{"@id":"https:\/\/pvgrkdwu.a2hosted.com\/esmentira\/la-relevante-realidad-de-los-tres-reyes-magos-de-oriente\/#primaryimage"},"image":{"@id":"https:\/\/pvgrkdwu.a2hosted.com\/esmentira\/la-relevante-realidad-de-los-tres-reyes-magos-de-oriente\/#primaryimage"},"thumbnailUrl":"https:\/\/pvgrkdwu.a2hosted.com\/esmentira\/wp-content\/uploads\/2016\/01\/IMG_2918_small.jpg","datePublished":"2016-01-05T22:51:18+00:00","dateModified":"2016-01-05T22:51:18+00:00","author":{"@id":"https:\/\/pvgrkdwu.a2hosted.com\/esmentira\/#\/schema\/person\/74c8cf970f838682612a932262e8e921"},"description":"Tres Reyes Magos le llevan regalos a Jes\u00fas. \u00bfEst\u00e1 todo claro o nos cabe alguna duda? Pues si miramos con detalle...","inLanguage":"en-US","potentialAction":[{"@type":"ReadAction","target":["https:\/\/pvgrkdwu.a2hosted.com\/esmentira\/la-relevante-realidad-de-los-tres-reyes-magos-de-oriente\/"]}]},{"@type":"ImageObject","inLanguage":"en-US","@id":"https:\/\/pvgrkdwu.a2hosted.com\/esmentira\/la-relevante-realidad-de-los-tres-reyes-magos-de-oriente\/#primaryimage","url":"https:\/\/pvgrkdwu.a2hosted.com\/esmentira\/wp-content\/uploads\/2016\/01\/IMG_2918_small.jpg","contentUrl":"https:\/\/pvgrkdwu.a2hosted.com\/esmentira\/wp-content\/uploads\/2016\/01\/IMG_2918_small.jpg","width":1500,"height":877},{"@type":"WebSite","@id":"https:\/\/pvgrkdwu.a2hosted.com\/esmentira\/#website","url":"https:\/\/pvgrkdwu.a2hosted.com\/esmentira\/","name":"Es mentira","description":"Desmintiendo bulos y rumores","potentialAction":[{"@type":"SearchAction","target":{"@type":"EntryPoint","urlTemplate":"https:\/\/pvgrkdwu.a2hosted.com\/esmentira\/?s={search_term_string}"},"query-input":{"@type":"PropertyValueSpecification","valueRequired":true,"valueName":"search_term_string"}}],"inLanguage":"en-US"},{"@type":"Person","@id":"https:\/\/pvgrkdwu.a2hosted.com\/esmentira\/#\/schema\/person\/74c8cf970f838682612a932262e8e921","name":"admin","image":{"@type":"ImageObject","inLanguage":"en-US","@id":"https:\/\/pvgrkdwu.a2hosted.com\/esmentira\/#\/schema\/person\/image\/","url":"https:\/\/secure.gravatar.com\/avatar\/78a69cc78fc35f1e13a9bca9f3fa80ee?s=96&d=mm&r=g","contentUrl":"https:\/\/secure.gravatar.com\/avatar\/78a69cc78fc35f1e13a9bca9f3fa80ee?s=96&d=mm&r=g","caption":"admin"},"sameAs":["https:\/\/x.com\/Archerphoto"]}]}},"_links":{"self":[{"href":"https:\/\/pvgrkdwu.a2hosted.com\/esmentira\/wp-json\/wp\/v2\/posts\/668","targetHints":{"allow":["GET"]}}],"collection":[{"href":"https:\/\/pvgrkdwu.a2hosted.com\/esmentira\/wp-json\/wp\/v2\/posts"}],"about":[{"href":"https:\/\/pvgrkdwu.a2hosted.com\/esmentira\/wp-json\/wp\/v2\/types\/post"}],"author":[{"embeddable":true,"href":"https:\/\/pvgrkdwu.a2hosted.com\/esmentira\/wp-json\/wp\/v2\/users\/1"}],"replies":[{"embeddable":true,"href":"https:\/\/pvgrkdwu.a2hosted.com\/esmentira\/wp-json\/wp\/v2\/comments?post=668"}],"version-history":[{"count":3,"href":"https:\/\/pvgrkdwu.a2hosted.com\/esmentira\/wp-json\/wp\/v2\/posts\/668\/revisions"}],"predecessor-version":[{"id":673,"href":"https:\/\/pvgrkdwu.a2hosted.com\/esmentira\/wp-json\/wp\/v2\/posts\/668\/revisions\/673"}],"wp:featuredmedia":[{"embeddable":true,"href":"https:\/\/pvgrkdwu.a2hosted.com\/esmentira\/wp-json\/wp\/v2\/media\/672"}],"wp:attachment":[{"href":"https:\/\/pvgrkdwu.a2hosted.com\/esmentira\/wp-json\/wp\/v2\/media?parent=668"}],"wp:term":[{"taxonomy":"category","embeddable":true,"href":"https:\/\/pvgrkdwu.a2hosted.com\/esmentira\/wp-json\/wp\/v2\/categories?post=668"},{"taxonomy":"post_tag","embeddable":true,"href":"https:\/\/pvgrkdwu.a2hosted.com\/esmentira\/wp-json\/wp\/v2\/tags?post=668"}],"curies":[{"name":"wp","href":"https:\/\/api.w.org\/{rel}","templated":true}]}}