{"id":639,"date":"2015-12-03T22:51:02","date_gmt":"2015-12-03T22:51:02","guid":{"rendered":"http:\/\/www.archerphoto.eu\/esmentira\/?p=639"},"modified":"2020-11-26T18:35:42","modified_gmt":"2020-11-26T18:35:42","slug":"la-leyenda-del-black-friday","status":"publish","type":"post","link":"https:\/\/pvgrkdwu.a2hosted.com\/esmentira\/la-leyenda-del-black-friday\/","title":{"rendered":"La leyenda del Black Friday"},"content":{"rendered":"\n<div class=\"wp-block-image\"><figure class=\"aligncenter\"><a href=\"https:\/\/pvgrkdwu.a2hosted.com\/esmentira\/wp-content\/uploads\/2015\/12\/SAM_0990-small-fotografo-valencia-archerphoto.jpg\"><img loading=\"lazy\" decoding=\"async\" width=\"800\" height=\"432\" src=\"https:\/\/pvgrkdwu.a2hosted.com\/esmentira\/wp-content\/uploads\/2015\/12\/SAM_0990-small-fotografo-valencia-archerphoto.jpg\" alt=\"Black Friday\" class=\"wp-image-984\" srcset=\"https:\/\/pvgrkdwu.a2hosted.com\/esmentira\/wp-content\/uploads\/2015\/12\/SAM_0990-small-fotografo-valencia-archerphoto.jpg 800w, https:\/\/pvgrkdwu.a2hosted.com\/esmentira\/wp-content\/uploads\/2015\/12\/SAM_0990-small-fotografo-valencia-archerphoto-300x162.jpg 300w, https:\/\/pvgrkdwu.a2hosted.com\/esmentira\/wp-content\/uploads\/2015\/12\/SAM_0990-small-fotografo-valencia-archerphoto-768x415.jpg 768w\" sizes=\"auto, (max-width: 767px) 89vw, (max-width: 1000px) 54vw, (max-width: 1071px) 543px, 580px\" \/><\/a><figcaption>Black Friday en Valencia. <a href=\"http:\/\/Archerphoto.eu\">Fotograf\u00eda: Archerphoto.<\/a><\/figcaption><\/figure><\/div>\n\n\n\n<p>El Black Friday de 2019 ser\u00e1 el d\u00eda 29 de noviembre. Este post lo escrib\u00ed hace unos a\u00f1os hablando del mismo d\u00eda y de las leyendas urbanas que corr\u00edan sobre \u00e9l.<\/p>\n\n\n\n<p>Hace un par de semanas hubo una fiebre enorme con el <strong>Black Friday<\/strong>. En la televisi\u00f3n, en Internet, en la radio, los carteles por la calle, y todo el mundo hablando de comprar, de vender, de subir los precios, de bajarlos. Y de repente, una curiosidad. \u00bfT\u00fa sab\u00edas que el <strong>Black Friday<\/strong> viene de una historia de esclavos negros? Espero que no, porque es una mentira cutre salchichera que me encontr\u00e9 en el muro de una amiga, recogido de alguna p\u00e1gina llamada \u201cRevista Negarit\u201d.<\/p>\n\n\n\n<p>Como comentaba, hoy hablaremos de un bulo que surgi\u00f3 en 2013, en Estados Unidos, que tambi\u00e9n es donde tiene el origen el t\u00e9rmino de Black Friday. Yo se lo vi en el muro a una amiga que se quejaba amargamente de la sobrecarga de trabajo que ten\u00edan en Mordor, que es como llama al centro comercial barcelon\u00e9s en el que trabaja. As\u00ed que le copi\u00f3 a otra amiga algo que hab\u00eda pegado en su muro. Fue m\u00e1s o menos esto:<\/p>\n\n\n\n<p>____________________________________________________________________<\/p>\n\n\n\n<p><em>El Viernes Negro (<strong>Black Friday<\/strong>) se deriva de la esclavitud. Fue el d\u00eda despu\u00e9s de Acci\u00f3n de Gracias, cuando los comerciantes de esclavos los vend\u00edan con descuento para ayudar a los propietarios de las plantaciones con m\u00e1s ayudantes para el pr\u00f3ximo invierno (para cortar y apilar le\u00f1a, hacer fuego, etc.), de ah\u00ed el nombre.<\/em><br><em>Despu\u00e9s de la esclavitud la pr\u00e1ctica fue abolida pero todav\u00eda era muy extendida en la regi\u00f3n de Mississippi durante la d\u00e9cada de 1870. Los ex propietarios de esclavos crearon este resquicio como una forma de continuar la esclavitud de alguna manera. Ellos se presentaban como due\u00f1os de la tienda y subastaban a los &#8220;trabajadores&#8221; Negros debido a la necesidad de contar con m\u00e1s ayuda durante el invierno.<\/em><\/p>\n\n\n\n<p><em>No se proporcionaba ninguna compensaci\u00f3n econ\u00f3mica. Los esclavos ser\u00edan compensados con comida y refugio, esto permiti\u00f3 ampliar a\u00fan m\u00e1s la esclavitud.<\/em><\/p>\n\n\n\n<p><em>Muchos no se dan cuenta de que su enamoramiento con estas compras de &#8220;vacaciones&#8221; no son mas que s\u00f3lo otra manera de mantener viva las tradiciones esclavistas antiguas.<\/em><\/p>\n\n\n\n<p>___________________________________________________________________<\/p>\n\n\n\n<div class=\"wp-block-image\"><figure class=\"aligncenter\"><a href=\"https:\/\/pvgrkdwu.a2hosted.com\/esmentira\/wp-content\/uploads\/2015\/12\/SAM_1011-small-fotografo-valencia-archerphoto.jpg\"><img loading=\"lazy\" decoding=\"async\" width=\"800\" height=\"533\" src=\"https:\/\/pvgrkdwu.a2hosted.com\/esmentira\/wp-content\/uploads\/2015\/12\/SAM_1011-small-fotografo-valencia-archerphoto.jpg\" alt=\"Black Friday\" class=\"wp-image-983\" srcset=\"https:\/\/pvgrkdwu.a2hosted.com\/esmentira\/wp-content\/uploads\/2015\/12\/SAM_1011-small-fotografo-valencia-archerphoto.jpg 800w, https:\/\/pvgrkdwu.a2hosted.com\/esmentira\/wp-content\/uploads\/2015\/12\/SAM_1011-small-fotografo-valencia-archerphoto-300x200.jpg 300w, https:\/\/pvgrkdwu.a2hosted.com\/esmentira\/wp-content\/uploads\/2015\/12\/SAM_1011-small-fotografo-valencia-archerphoto-768x512.jpg 768w\" sizes=\"auto, (max-width: 767px) 89vw, (max-width: 1000px) 54vw, (max-width: 1071px) 543px, 580px\" \/><\/a><figcaption>Black Friday en Valencia. <a href=\"http:\/\/Archerphoto.eu\">Fotograf\u00eda: Archerphoto<\/a>.<\/figcaption><\/figure><\/div>\n\n\n\n<h2 class=\"wp-block-heading\">La leyenda del Black Friday<\/h2>\n\n\n\n<p>Empecemos por el principio: el origen de este <strong>Black Friday<\/strong> es posterior. No, anterior, no, espera. Es complicado. Los anglosajones llaman <strong>Black Friday<\/strong> a una vez que se les caduc\u00f3 un yogur en la nevera, a un ataque militar fallido en la Segunda Guerra Mundial que cay\u00f3 en viernes, a un tornado, y a una crisis financiera. Y a muchas cosas m\u00e1s, as\u00ed que el t\u00e9rmino se usa para casi cualquier viernes que te parezca especialmente malo. Y no es nada raro: en realidad lo que quiere decir, que hemos estado investigando en el <em>Departamento de Traducciones Extremadamente Dif\u00edciles<\/em> de La Noche es para M\u00ed -luego te paso la factura- es, atenci\u00f3n, \u201cViernes Negro\u201d.<\/p>\n\n\n\n<p>En realidad, la primera vez que se tiene registro de nombrar un viernes negro es en 1869, con una crisis financiera causada por la especulaci\u00f3n con el precio del oro, y la primera vez que tenemos una referencia del viernes negro como el d\u00eda posterior a Acci\u00f3n de Gracias es en 1951. En ese caso, el terrible viernes fue solo para los empresarios, porque hubo una tendencia generalizada a llamar al trabajo contando que estaban malos para hacerse un puente de cuatro d\u00edas. Yo entiendo que si uno tiene un negocio le siente mal que sus empleados se escaqueen, pero como los americanos se pongan a fijarse un poco en nuestro calendario me da que nos enviar\u00e1n tropas para mantener el orden\u2026<\/p>\n\n\n\n<h3 class=\"wp-block-heading\">Black Friday en 1975<\/h3>\n\n\n\n<p>En el 75, en Philadelphia empieza a decirse que ese viernes es el m\u00e1s atareado, bullicioso y con los mayores atascos, pero tampoco era algo totalmente conocido y tanto tr\u00e1fico tambi\u00e9n ten\u00eda que ver con un partido entre el ej\u00e9rcito y la marina. Se sigue difundiendo y posteriormente empiezan a salir teor\u00edas espurias en las que se dice que, en esa fecha es cuando los comercios dejan de tener p\u00e9rdidas (que tradicionalmente se escrib\u00edan en rojo en los libros de contabilidad) y a dar beneficios.<\/p>\n\n\n\n<p>Posteriormente, Joseph Barret, un reportero de Philadelphia explicar\u00eda m\u00e1s detalles de los motivos por los que era un d\u00eda horrendo: era el d\u00eda en el que se sacaban las sillas de Santa Claus y los padres llevaban a los ni\u00f1os a verlo. Los polic\u00edas hac\u00edan turnos de 12 horas. Ninguno de ellos pod\u00eda tener ese d\u00eda libre y llegaban a a tener un polic\u00eda con un tromb\u00f3n dirigiendo el tr\u00e1fico. Y de ah\u00ed, lo cogi\u00f3 la televisi\u00f3n, y fueron los medios los que difundieron el t\u00e9rmino.<\/p>\n\n\n\n<p>Pero de todos modos, <strong>el origen de la leyenda de los esclavos es directamente mentira<\/strong>. La imagen que se populariz\u00f3, con una ilustraci\u00f3n de una subasta de esclavos, fue difundida por la cantante Toni Braxton, y menciona el a\u00f1o 1870 como el origen del t\u00e9rmino. Pero la decimotercera enmienda de la Constituci\u00f3n de Estados Unidos, que abol\u00eda la esclavitud, fue ratificada el 6 de diciembre de 1865. Pr\u00e1cticas as\u00ed hubiesen sido una violaci\u00f3n flagrante de la ley. Hubiesen quedado recogidas por prensa o incluso castigadas por la ley. No existe constancia de tales hechos.<\/p>\n\n\n\n<p>Una de las principales fuentes consultadas fue&nbsp;&nbsp;<a href=\"http:\/\/www.motherjones.com\/kevin-drum\/2011\/11\/real-story-behind-black-friday\">http:\/\/www.motherjones.com\/kevin-drum\/2011\/11\/real-story-behind-black-friday<\/a>.<\/p>\n\n\n\n<p>Sergi Albir<\/p>\n\n\n\n<p>Contamos esto en M80 Radio, en La Noche es para M\u00ed con Miguel Coll, el 3 de diciembre de 2015. Lo he repasado en 2019 y no parece haber novedades significativas.<\/p>\n","protected":false},"excerpt":{"rendered":"<p>El Black Friday de 2019 ser\u00e1 el d\u00eda 29 de noviembre. Este post lo escrib\u00ed hace unos a\u00f1os hablando del mismo d\u00eda y de las leyendas urbanas que corr\u00edan sobre \u00e9l. Hace un par de semanas hubo una fiebre enorme con el Black Friday. En la televisi\u00f3n, en Internet, en la radio, los carteles por &hellip; <\/p>\n<p class=\"link-more\"><a href=\"https:\/\/pvgrkdwu.a2hosted.com\/esmentira\/la-leyenda-del-black-friday\/\" class=\"more-link\">Continue reading<span class=\"screen-reader-text\"> &#8220;La leyenda del Black Friday&#8221;<\/span><\/a><\/p>\n","protected":false},"author":1,"featured_media":641,"comment_status":"open","ping_status":"open","sticky":false,"template":"","format":"standard","meta":{"footnotes":""},"categories":[8],"tags":[146,68],"class_list":["post-639","post","type-post","status-publish","format-standard","has-post-thumbnail","hentry","category-bulo-2","tag-black-friday","tag-leyenda-urbana"],"yoast_head":"<!-- This site is optimized with the Yoast SEO plugin v24.3 - https:\/\/yoast.com\/wordpress\/plugins\/seo\/ -->\n<title>La leyenda del Black Friday - Es mentira<\/title>\n<meta name=\"description\" content=\"El Black Friday es una celebraci\u00f3n importada de Estados Unidos que tiene una serie de leyendas falsas que hay que desmentir.\" \/>\n<meta name=\"robots\" content=\"index, follow, max-snippet:-1, max-image-preview:large, max-video-preview:-1\" \/>\n<link rel=\"canonical\" href=\"https:\/\/pvgrkdwu.a2hosted.com\/esmentira\/la-leyenda-del-black-friday\/\" \/>\n<meta property=\"og:locale\" content=\"en_US\" \/>\n<meta property=\"og:type\" content=\"article\" \/>\n<meta property=\"og:title\" content=\"La leyenda del Black Friday - Es mentira\" \/>\n<meta property=\"og:description\" content=\"El Black Friday es una celebraci\u00f3n importada de Estados Unidos que tiene una serie de leyendas falsas que hay que desmentir.\" \/>\n<meta property=\"og:url\" content=\"https:\/\/pvgrkdwu.a2hosted.com\/esmentira\/la-leyenda-del-black-friday\/\" \/>\n<meta property=\"og:site_name\" content=\"Es mentira\" \/>\n<meta property=\"article:publisher\" content=\"https:\/\/www.facebook.com\/JalalalaUniberzitate\/\" \/>\n<meta property=\"article:published_time\" content=\"2015-12-03T22:51:02+00:00\" \/>\n<meta property=\"article:modified_time\" content=\"2020-11-26T18:35:42+00:00\" \/>\n<meta property=\"og:image\" content=\"https:\/\/pvgrkdwu.a2hosted.com\/esmentira\/wp-content\/uploads\/2015\/12\/SAM_1871_small.jpg\" \/>\n\t<meta property=\"og:image:width\" content=\"1500\" \/>\n\t<meta property=\"og:image:height\" content=\"1000\" \/>\n\t<meta property=\"og:image:type\" content=\"image\/jpeg\" \/>\n<meta name=\"author\" content=\"admin\" \/>\n<meta name=\"twitter:label1\" content=\"Written by\" \/>\n\t<meta name=\"twitter:data1\" content=\"admin\" \/>\n\t<meta name=\"twitter:label2\" content=\"Est. reading time\" \/>\n\t<meta name=\"twitter:data2\" content=\"5 minutes\" \/>\n<script type=\"application\/ld+json\" class=\"yoast-schema-graph\">{\"@context\":\"https:\/\/schema.org\",\"@graph\":[{\"@type\":\"WebPage\",\"@id\":\"https:\/\/pvgrkdwu.a2hosted.com\/esmentira\/la-leyenda-del-black-friday\/\",\"url\":\"https:\/\/pvgrkdwu.a2hosted.com\/esmentira\/la-leyenda-del-black-friday\/\",\"name\":\"La leyenda del Black Friday - Es mentira\",\"isPartOf\":{\"@id\":\"https:\/\/pvgrkdwu.a2hosted.com\/esmentira\/#website\"},\"primaryImageOfPage\":{\"@id\":\"https:\/\/pvgrkdwu.a2hosted.com\/esmentira\/la-leyenda-del-black-friday\/#primaryimage\"},\"image\":{\"@id\":\"https:\/\/pvgrkdwu.a2hosted.com\/esmentira\/la-leyenda-del-black-friday\/#primaryimage\"},\"thumbnailUrl\":\"https:\/\/pvgrkdwu.a2hosted.com\/esmentira\/wp-content\/uploads\/2015\/12\/SAM_1871_small.jpg\",\"datePublished\":\"2015-12-03T22:51:02+00:00\",\"dateModified\":\"2020-11-26T18:35:42+00:00\",\"author\":{\"@id\":\"https:\/\/pvgrkdwu.a2hosted.com\/esmentira\/#\/schema\/person\/74c8cf970f838682612a932262e8e921\"},\"description\":\"El Black Friday es una celebraci\u00f3n importada de Estados Unidos que tiene una serie de leyendas falsas que hay que desmentir.\",\"inLanguage\":\"en-US\",\"potentialAction\":[{\"@type\":\"ReadAction\",\"target\":[\"https:\/\/pvgrkdwu.a2hosted.com\/esmentira\/la-leyenda-del-black-friday\/\"]}]},{\"@type\":\"ImageObject\",\"inLanguage\":\"en-US\",\"@id\":\"https:\/\/pvgrkdwu.a2hosted.com\/esmentira\/la-leyenda-del-black-friday\/#primaryimage\",\"url\":\"https:\/\/pvgrkdwu.a2hosted.com\/esmentira\/wp-content\/uploads\/2015\/12\/SAM_1871_small.jpg\",\"contentUrl\":\"https:\/\/pvgrkdwu.a2hosted.com\/esmentira\/wp-content\/uploads\/2015\/12\/SAM_1871_small.jpg\",\"width\":1500,\"height\":1000,\"caption\":\"Black Friday, por Archerphoto, fot\u00f3grafo profesional\"},{\"@type\":\"WebSite\",\"@id\":\"https:\/\/pvgrkdwu.a2hosted.com\/esmentira\/#website\",\"url\":\"https:\/\/pvgrkdwu.a2hosted.com\/esmentira\/\",\"name\":\"Es mentira\",\"description\":\"Desmintiendo bulos y rumores\",\"potentialAction\":[{\"@type\":\"SearchAction\",\"target\":{\"@type\":\"EntryPoint\",\"urlTemplate\":\"https:\/\/pvgrkdwu.a2hosted.com\/esmentira\/?s={search_term_string}\"},\"query-input\":{\"@type\":\"PropertyValueSpecification\",\"valueRequired\":true,\"valueName\":\"search_term_string\"}}],\"inLanguage\":\"en-US\"},{\"@type\":\"Person\",\"@id\":\"https:\/\/pvgrkdwu.a2hosted.com\/esmentira\/#\/schema\/person\/74c8cf970f838682612a932262e8e921\",\"name\":\"admin\",\"image\":{\"@type\":\"ImageObject\",\"inLanguage\":\"en-US\",\"@id\":\"https:\/\/pvgrkdwu.a2hosted.com\/esmentira\/#\/schema\/person\/image\/\",\"url\":\"https:\/\/secure.gravatar.com\/avatar\/78a69cc78fc35f1e13a9bca9f3fa80ee?s=96&d=mm&r=g\",\"contentUrl\":\"https:\/\/secure.gravatar.com\/avatar\/78a69cc78fc35f1e13a9bca9f3fa80ee?s=96&d=mm&r=g\",\"caption\":\"admin\"},\"sameAs\":[\"https:\/\/x.com\/Archerphoto\"]}]}<\/script>\n<!-- \/ Yoast SEO plugin. -->","yoast_head_json":{"title":"La leyenda del Black Friday - Es mentira","description":"El Black Friday es una celebraci\u00f3n importada de Estados Unidos que tiene una serie de leyendas falsas que hay que desmentir.","robots":{"index":"index","follow":"follow","max-snippet":"max-snippet:-1","max-image-preview":"max-image-preview:large","max-video-preview":"max-video-preview:-1"},"canonical":"https:\/\/pvgrkdwu.a2hosted.com\/esmentira\/la-leyenda-del-black-friday\/","og_locale":"en_US","og_type":"article","og_title":"La leyenda del Black Friday - Es mentira","og_description":"El Black Friday es una celebraci\u00f3n importada de Estados Unidos que tiene una serie de leyendas falsas que hay que desmentir.","og_url":"https:\/\/pvgrkdwu.a2hosted.com\/esmentira\/la-leyenda-del-black-friday\/","og_site_name":"Es mentira","article_publisher":"https:\/\/www.facebook.com\/JalalalaUniberzitate\/","article_published_time":"2015-12-03T22:51:02+00:00","article_modified_time":"2020-11-26T18:35:42+00:00","og_image":[{"width":1500,"height":1000,"url":"https:\/\/pvgrkdwu.a2hosted.com\/esmentira\/wp-content\/uploads\/2015\/12\/SAM_1871_small.jpg","type":"image\/jpeg"}],"author":"admin","twitter_misc":{"Written by":"admin","Est. reading time":"5 minutes"},"schema":{"@context":"https:\/\/schema.org","@graph":[{"@type":"WebPage","@id":"https:\/\/pvgrkdwu.a2hosted.com\/esmentira\/la-leyenda-del-black-friday\/","url":"https:\/\/pvgrkdwu.a2hosted.com\/esmentira\/la-leyenda-del-black-friday\/","name":"La leyenda del Black Friday - Es mentira","isPartOf":{"@id":"https:\/\/pvgrkdwu.a2hosted.com\/esmentira\/#website"},"primaryImageOfPage":{"@id":"https:\/\/pvgrkdwu.a2hosted.com\/esmentira\/la-leyenda-del-black-friday\/#primaryimage"},"image":{"@id":"https:\/\/pvgrkdwu.a2hosted.com\/esmentira\/la-leyenda-del-black-friday\/#primaryimage"},"thumbnailUrl":"https:\/\/pvgrkdwu.a2hosted.com\/esmentira\/wp-content\/uploads\/2015\/12\/SAM_1871_small.jpg","datePublished":"2015-12-03T22:51:02+00:00","dateModified":"2020-11-26T18:35:42+00:00","author":{"@id":"https:\/\/pvgrkdwu.a2hosted.com\/esmentira\/#\/schema\/person\/74c8cf970f838682612a932262e8e921"},"description":"El Black Friday es una celebraci\u00f3n importada de Estados Unidos que tiene una serie de leyendas falsas que hay que desmentir.","inLanguage":"en-US","potentialAction":[{"@type":"ReadAction","target":["https:\/\/pvgrkdwu.a2hosted.com\/esmentira\/la-leyenda-del-black-friday\/"]}]},{"@type":"ImageObject","inLanguage":"en-US","@id":"https:\/\/pvgrkdwu.a2hosted.com\/esmentira\/la-leyenda-del-black-friday\/#primaryimage","url":"https:\/\/pvgrkdwu.a2hosted.com\/esmentira\/wp-content\/uploads\/2015\/12\/SAM_1871_small.jpg","contentUrl":"https:\/\/pvgrkdwu.a2hosted.com\/esmentira\/wp-content\/uploads\/2015\/12\/SAM_1871_small.jpg","width":1500,"height":1000,"caption":"Black Friday, por Archerphoto, fot\u00f3grafo profesional"},{"@type":"WebSite","@id":"https:\/\/pvgrkdwu.a2hosted.com\/esmentira\/#website","url":"https:\/\/pvgrkdwu.a2hosted.com\/esmentira\/","name":"Es mentira","description":"Desmintiendo bulos y rumores","potentialAction":[{"@type":"SearchAction","target":{"@type":"EntryPoint","urlTemplate":"https:\/\/pvgrkdwu.a2hosted.com\/esmentira\/?s={search_term_string}"},"query-input":{"@type":"PropertyValueSpecification","valueRequired":true,"valueName":"search_term_string"}}],"inLanguage":"en-US"},{"@type":"Person","@id":"https:\/\/pvgrkdwu.a2hosted.com\/esmentira\/#\/schema\/person\/74c8cf970f838682612a932262e8e921","name":"admin","image":{"@type":"ImageObject","inLanguage":"en-US","@id":"https:\/\/pvgrkdwu.a2hosted.com\/esmentira\/#\/schema\/person\/image\/","url":"https:\/\/secure.gravatar.com\/avatar\/78a69cc78fc35f1e13a9bca9f3fa80ee?s=96&d=mm&r=g","contentUrl":"https:\/\/secure.gravatar.com\/avatar\/78a69cc78fc35f1e13a9bca9f3fa80ee?s=96&d=mm&r=g","caption":"admin"},"sameAs":["https:\/\/x.com\/Archerphoto"]}]}},"_links":{"self":[{"href":"https:\/\/pvgrkdwu.a2hosted.com\/esmentira\/wp-json\/wp\/v2\/posts\/639","targetHints":{"allow":["GET"]}}],"collection":[{"href":"https:\/\/pvgrkdwu.a2hosted.com\/esmentira\/wp-json\/wp\/v2\/posts"}],"about":[{"href":"https:\/\/pvgrkdwu.a2hosted.com\/esmentira\/wp-json\/wp\/v2\/types\/post"}],"author":[{"embeddable":true,"href":"https:\/\/pvgrkdwu.a2hosted.com\/esmentira\/wp-json\/wp\/v2\/users\/1"}],"replies":[{"embeddable":true,"href":"https:\/\/pvgrkdwu.a2hosted.com\/esmentira\/wp-json\/wp\/v2\/comments?post=639"}],"version-history":[{"count":11,"href":"https:\/\/pvgrkdwu.a2hosted.com\/esmentira\/wp-json\/wp\/v2\/posts\/639\/revisions"}],"predecessor-version":[{"id":1034,"href":"https:\/\/pvgrkdwu.a2hosted.com\/esmentira\/wp-json\/wp\/v2\/posts\/639\/revisions\/1034"}],"wp:featuredmedia":[{"embeddable":true,"href":"https:\/\/pvgrkdwu.a2hosted.com\/esmentira\/wp-json\/wp\/v2\/media\/641"}],"wp:attachment":[{"href":"https:\/\/pvgrkdwu.a2hosted.com\/esmentira\/wp-json\/wp\/v2\/media?parent=639"}],"wp:term":[{"taxonomy":"category","embeddable":true,"href":"https:\/\/pvgrkdwu.a2hosted.com\/esmentira\/wp-json\/wp\/v2\/categories?post=639"},{"taxonomy":"post_tag","embeddable":true,"href":"https:\/\/pvgrkdwu.a2hosted.com\/esmentira\/wp-json\/wp\/v2\/tags?post=639"}],"curies":[{"name":"wp","href":"https:\/\/api.w.org\/{rel}","templated":true}]}}