{"id":585,"date":"2015-10-29T22:53:43","date_gmt":"2015-10-29T22:53:43","guid":{"rendered":"http:\/\/www.archerphoto.eu\/esmentira\/?p=585"},"modified":"2015-10-29T22:56:32","modified_gmt":"2015-10-29T22:56:32","slug":"los-platanos-y-la-bacteria-devoradora-de-carne","status":"publish","type":"post","link":"https:\/\/pvgrkdwu.a2hosted.com\/esmentira\/los-platanos-y-la-bacteria-devoradora-de-carne\/","title":{"rendered":"Los pl\u00e1tanos y la bacteria devoradora de carne"},"content":{"rendered":"<p>Hay veces que uno se pone a leer y se inquieta demasiado. El mundo est\u00e1 lleno de cosas peligrosas inesperadas. Hay algunas que las vemos, y otras que no: hoy traigo el aterrador caso de los pl\u00e1tanos portadores de la bacteria devoradora de carne humana.<\/p>\n<p>Una vez hemos hecho el gancho yo estoy seguro de que habr\u00e1 gente que ya est\u00e9 pensando en aterradores pl\u00e1tanos zombis. Pero como ya he comentado, se trata de una serie de bacterias que&#8230; En fin, mejor leemos la leyenda y despu\u00e9s vamos aclarando cosas.<\/p>\n<h2>Los pl\u00e1tanos y la bacteria devoradora de carne<\/h2>\n<p><em>Varios env\u00edos de pl\u00e1tanos de Costa Rica han sido infectados con fascitis necrotizante, tambi\u00e9n conocida como la bacteria devoradora de carne. Recientemente, esta enfermedad ha diezmado la poblaci\u00f3n de monos en Costa Rica. Ahora estamos empezando a aprender que la enfermedad ha sido capaz de transferirse a la piel de las frutas en la regi\u00f3n, sobre todo el pl\u00e1tano que es el mayor producto que exporta Costa Rica. Hasta este hallazgo cient\u00edfico no estaban seguros de c\u00f3mo se est\u00e1n transmitiendo la infecci\u00f3n. Se aconseja no comprar pl\u00e1tanos durante\u00a0las pr\u00f3ximas tres semanas, ya que es el per\u00edodo de tiempo durante el que los pl\u00e1tanos que se han enviado a los EE.UU. tienen\u00a0posibilidad de llevar a esta enfermedad. Si ha comido un pl\u00e1tano en los \u00faltimos 2-3 d\u00edas y se levanta\u00a0con fiebre seguida de una infecci\u00f3n cut\u00e1nea \u00a1\u00a1\u00a1busque atenci\u00f3n m\u00e9dica !!!<\/em><br \/>\n<em>La infecci\u00f3n de la piel de la fascitis necrotizante es muy dolorosa y se come dos o tres cent\u00edmetros de carne por hora. La amputaci\u00f3n es probable, la muertees posible .. Si est\u00e1 a m\u00e1s de una hora de distancia de un centro m\u00e9dico, quemar la carne de la zona infectada se recomienda puede ayudar a frenar la propagaci\u00f3n de la infecci\u00f3n. La FDA ha sido reacia a emitir una advertencia general al pa\u00eds por temor a un ataque de p\u00e1nico. En secreto han admitido que calculan que m\u00e1s de 15.000 estadounidenses se ver\u00e1n afectados por esto, pero que estos son &#8220;n\u00fameros aceptables&#8221;. Por favor, env\u00eda esto a la mayor cantidad de gente que te importe como sea posible, nosotros no sentimos que 15.000 personas sea un n\u00famero aceptable.<\/em><\/p>\n<figure id=\"attachment_587\" aria-describedby=\"caption-attachment-587\" style=\"width: 540px\" class=\"wp-caption alignleft\"><a href=\"https:\/\/pvgrkdwu.a2hosted.com\/esmentira\/wp-content\/uploads\/2015\/10\/IMG_4479_small.jpg\"><img loading=\"lazy\" decoding=\"async\" class=\"wp-image-587 size-large\" src=\"https:\/\/pvgrkdwu.a2hosted.com\/esmentira\/wp-content\/uploads\/2015\/10\/IMG_4479_small-1024x339.jpg\" alt=\"IMG_4479_small\" width=\"540\" height=\"179\" srcset=\"https:\/\/pvgrkdwu.a2hosted.com\/esmentira\/wp-content\/uploads\/2015\/10\/IMG_4479_small-1024x339.jpg 1024w, https:\/\/pvgrkdwu.a2hosted.com\/esmentira\/wp-content\/uploads\/2015\/10\/IMG_4479_small-300x99.jpg 300w, https:\/\/pvgrkdwu.a2hosted.com\/esmentira\/wp-content\/uploads\/2015\/10\/IMG_4479_small.jpg 1200w\" sizes=\"auto, (max-width: 540px) 100vw, 540px\" \/><\/a><figcaption id=\"caption-attachment-587\" class=\"wp-caption-text\">Pl\u00e1tanos aparentemente inocentes.<\/figcaption><\/figure>\n<p>En 1999 empez\u00f3 a distribuirse por Estados Unidos esta importante informaci\u00f3n que, de no haberse difundido hubiese causado el espantoso n\u00famero de CERO v\u00edctimas. Ninguna, oiga. Lo malo es que, como sucede a menudo, hay una parte de verdad en estos bulos que se van expandiendo: en este caso lo cierto es la enfermedad, que s\u00ed existe, y lo falso es que se pueda transmitir con un pl\u00e1tano.<br \/>\nLo mejor es que la historia va adquiriendo tintes m\u00e1s preocupantes seg\u00fan avanza: al principio las v\u00edctimas son solo pl\u00e1tanos, pero despu\u00e9s hasta 15.000 personas pueden morir, y el malvado gobierno federal americano ha decidido ocultarlo porque les parece que 15.000 personas son aceptables para una epidemia.<br \/>\nLa enfermedad es bastante desagradable, bastante rara y se transmite a trav\u00e9s de infecciones de varias bacterias sobre heridas abiertas (os pod\u00e9is ahorrar ver las fotos, de verdad). Pero habitualmente tiene que ver con bacterias que ya tenemos en nuestra propia piel o que se encuentran en aguas s\u00e9pticas o con agujas sucias. Y, bueno, la mortalidad se reduce a un 12% si se diagnostica en los cuatro primeros d\u00edas, as\u00ed que mantener en secreto algo as\u00ed hubiese sido una estupidez m\u00e1xima. Por supuesto, si el causante ya lo tenemos encima, no tiene mucho sentido que culpemos a un mont\u00f3n de pl\u00e1tanos inocentes que viajan en barco sin tener culpa de nada.<br \/>\nPor otra parte, el tratamiento s\u00ed suele implicar antibi\u00f3ticos y, puntualmente, retirar el tejido afectado, pero en ning\u00fan caso parece que ponerse a quemarse la carne vaya a ayudar mucho.<br \/>\nVolviendo al caso particular: en Cartago, Costa Rica, s\u00ed hubo en 1999 un brote de fascitis necrotizante, pero no hay informaciones de que hubiese un solo mono muerto. Dos personas murieron y nueve fueron infectadas. Con todo el respeto para estas personas, la difusi\u00f3n de la informaci\u00f3n era intencionadamente alarmista. Sobre todo porque si echamos un vistazo a una web especializada, ninguno de los factores de riesgo incluye ya no pl\u00e1tanos, sino ning\u00fan alimento: heridas, tatuajes, o cirug\u00eda est\u00e1n mucho m\u00e1s relacionados con la enfermedad que ninguna otra cosa.<\/p>\n<p>Hay versiones similares de la historia en 2003 con Uvongo Kwa-Zulu Natal, en Sud\u00e1frica. Aqu\u00ed ya no hay informes de brotes de la enfermedad. Monos si tienen, y hasta un centro de acogida para monos hu\u00e9rfanos y heridos, especialmente de cercopitecos verdes.<br \/>\n<a href=\"http:\/\/www.monkeyrescue.co.za\/\">http:\/\/www.monkeyrescue.co.za\/<\/a><\/p>\n<figure id=\"attachment_588\" aria-describedby=\"caption-attachment-588\" style=\"width: 335px\" class=\"wp-caption alignleft\"><a href=\"https:\/\/pvgrkdwu.a2hosted.com\/esmentira\/wp-content\/uploads\/2015\/10\/IMG_4468_small.jpg\"><img loading=\"lazy\" decoding=\"async\" class=\" wp-image-588\" src=\"https:\/\/pvgrkdwu.a2hosted.com\/esmentira\/wp-content\/uploads\/2015\/10\/IMG_4468_small-683x1024.jpg\" alt=\"Bananas\" width=\"335\" height=\"503\" srcset=\"https:\/\/pvgrkdwu.a2hosted.com\/esmentira\/wp-content\/uploads\/2015\/10\/IMG_4468_small-683x1024.jpg 683w, https:\/\/pvgrkdwu.a2hosted.com\/esmentira\/wp-content\/uploads\/2015\/10\/IMG_4468_small-200x300.jpg 200w, https:\/\/pvgrkdwu.a2hosted.com\/esmentira\/wp-content\/uploads\/2015\/10\/IMG_4468_small.jpg 800w\" sizes=\"auto, (max-width: 335px) 100vw, 335px\" \/><\/a><figcaption id=\"caption-attachment-588\" class=\"wp-caption-text\">\u00bfSon peligrosas las bananas? \u00bfEh?<\/figcaption><\/figure>\n<p>Los pl\u00e1tanos son buenos. Siempre hay que llevar un pl\u00e1tano a una fiesta. Lo siento, esto es una cita de Doctor Who que ten\u00eda que hacer. Pero bueno, pueden ser peligrosos. Sobre todo en grandes cantidades: para acelerar la maduraci\u00f3n se suelen incorporar cantidades bajas de etileno, que se incorpora en cantidades unas 100 veces menores a lo que hace falta para que resulte explosivo, pero ha habido varios casos en los que una gesti\u00f3n incorrecta del etileno ha causado explosiones. En 1934 en Brisbane, en 1968 en Granollers, o en 2013 en L\u00edbano.<\/p>\n<p>Sergi Albir<\/p>\n<p>Esta historia la contamos en La Noche es para M\u00ed, con Miguel Coll en M80 Radio, el 29\/10\/2015<\/p>\n<p><a href=\"http:\/\/www.healthmap.org\/site\/diseasedaily\/article\/flesh-eating-bacteria-honduras-21913\">http:\/\/www.healthmap.org\/site\/diseasedaily\/article\/flesh-eating-bacteria-honduras-21913<\/a><br \/>\nMejor no mires esta si no quieres ver fotos algo desagradables.\u00a0<a href=\"https:\/\/en.wikipedia.org\/wiki\/Necrotizing_fasciitis\">https:\/\/en.wikipedia.org\/wiki\/Necrotizing_fasciitis<\/a><br \/>\n<a href=\"http:\/\/www.nnff.org\/newsite\/facts.html\">http:\/\/www.nnff.org\/newsite\/facts.html<\/a><\/p>\n","protected":false},"excerpt":{"rendered":"<p>Hay veces que uno se pone a leer y se inquieta demasiado. El mundo est\u00e1 lleno de cosas peligrosas inesperadas. Hay algunas que las vemos, y otras que no: hoy traigo el aterrador caso de los pl\u00e1tanos portadores de la bacteria devoradora de carne humana. Una vez hemos hecho el gancho yo estoy seguro de &hellip; <\/p>\n<p class=\"link-more\"><a href=\"https:\/\/pvgrkdwu.a2hosted.com\/esmentira\/los-platanos-y-la-bacteria-devoradora-de-carne\/\" class=\"more-link\">Continue reading<span class=\"screen-reader-text\"> &#8220;Los pl\u00e1tanos y la bacteria devoradora de carne&#8221;<\/span><\/a><\/p>\n","protected":false},"author":1,"featured_media":586,"comment_status":"open","ping_status":"open","sticky":false,"template":"","format":"standard","meta":{"footnotes":""},"categories":[71],"tags":[138,139],"class_list":["post-585","post","type-post","status-publish","format-standard","has-post-thumbnail","hentry","category-leyenda-urbana-2","tag-bananas","tag-platanos"],"yoast_head":"<!-- This site is optimized with the Yoast SEO plugin v24.3 - https:\/\/yoast.com\/wordpress\/plugins\/seo\/ -->\n<title>Los pl\u00e1tanos y la bacteria devoradora de carne<\/title>\n<meta name=\"description\" content=\"Los pl\u00e1tanos y la bacteria devoradora de carne. Otra leyenda urbana.\" \/>\n<meta name=\"robots\" content=\"index, follow, max-snippet:-1, max-image-preview:large, max-video-preview:-1\" \/>\n<link rel=\"canonical\" href=\"https:\/\/pvgrkdwu.a2hosted.com\/esmentira\/los-platanos-y-la-bacteria-devoradora-de-carne\/\" \/>\n<meta property=\"og:locale\" content=\"en_US\" \/>\n<meta property=\"og:type\" content=\"article\" \/>\n<meta property=\"og:title\" content=\"Los pl\u00e1tanos y la bacteria devoradora de carne\" \/>\n<meta property=\"og:description\" content=\"Los pl\u00e1tanos y la bacteria devoradora de carne. Otra leyenda urbana.\" \/>\n<meta property=\"og:url\" content=\"https:\/\/pvgrkdwu.a2hosted.com\/esmentira\/los-platanos-y-la-bacteria-devoradora-de-carne\/\" \/>\n<meta property=\"og:site_name\" content=\"Es mentira\" \/>\n<meta property=\"article:publisher\" content=\"https:\/\/www.facebook.com\/JalalalaUniberzitate\/\" \/>\n<meta property=\"article:published_time\" content=\"2015-10-29T22:53:43+00:00\" \/>\n<meta property=\"article:modified_time\" content=\"2015-10-29T22:56:32+00:00\" \/>\n<meta property=\"og:image\" content=\"https:\/\/pvgrkdwu.a2hosted.com\/esmentira\/wp-content\/uploads\/2015\/10\/IMG_4476_small_featured.jpg\" \/>\n\t<meta property=\"og:image:width\" content=\"825\" \/>\n\t<meta property=\"og:image:height\" content=\"510\" \/>\n\t<meta property=\"og:image:type\" content=\"image\/jpeg\" \/>\n<meta name=\"author\" content=\"admin\" \/>\n<meta name=\"twitter:label1\" content=\"Written by\" \/>\n\t<meta name=\"twitter:data1\" content=\"admin\" \/>\n\t<meta name=\"twitter:label2\" content=\"Est. reading time\" \/>\n\t<meta name=\"twitter:data2\" content=\"5 minutes\" \/>\n<script type=\"application\/ld+json\" class=\"yoast-schema-graph\">{\"@context\":\"https:\/\/schema.org\",\"@graph\":[{\"@type\":\"WebPage\",\"@id\":\"https:\/\/pvgrkdwu.a2hosted.com\/esmentira\/los-platanos-y-la-bacteria-devoradora-de-carne\/\",\"url\":\"https:\/\/pvgrkdwu.a2hosted.com\/esmentira\/los-platanos-y-la-bacteria-devoradora-de-carne\/\",\"name\":\"Los pl\u00e1tanos y la bacteria devoradora de carne\",\"isPartOf\":{\"@id\":\"https:\/\/pvgrkdwu.a2hosted.com\/esmentira\/#website\"},\"primaryImageOfPage\":{\"@id\":\"https:\/\/pvgrkdwu.a2hosted.com\/esmentira\/los-platanos-y-la-bacteria-devoradora-de-carne\/#primaryimage\"},\"image\":{\"@id\":\"https:\/\/pvgrkdwu.a2hosted.com\/esmentira\/los-platanos-y-la-bacteria-devoradora-de-carne\/#primaryimage\"},\"thumbnailUrl\":\"https:\/\/pvgrkdwu.a2hosted.com\/esmentira\/wp-content\/uploads\/2015\/10\/IMG_4476_small_featured.jpg\",\"datePublished\":\"2015-10-29T22:53:43+00:00\",\"dateModified\":\"2015-10-29T22:56:32+00:00\",\"author\":{\"@id\":\"https:\/\/pvgrkdwu.a2hosted.com\/esmentira\/#\/schema\/person\/74c8cf970f838682612a932262e8e921\"},\"description\":\"Los pl\u00e1tanos y la bacteria devoradora de carne. Otra leyenda urbana.\",\"inLanguage\":\"en-US\",\"potentialAction\":[{\"@type\":\"ReadAction\",\"target\":[\"https:\/\/pvgrkdwu.a2hosted.com\/esmentira\/los-platanos-y-la-bacteria-devoradora-de-carne\/\"]}]},{\"@type\":\"ImageObject\",\"inLanguage\":\"en-US\",\"@id\":\"https:\/\/pvgrkdwu.a2hosted.com\/esmentira\/los-platanos-y-la-bacteria-devoradora-de-carne\/#primaryimage\",\"url\":\"https:\/\/pvgrkdwu.a2hosted.com\/esmentira\/wp-content\/uploads\/2015\/10\/IMG_4476_small_featured.jpg\",\"contentUrl\":\"https:\/\/pvgrkdwu.a2hosted.com\/esmentira\/wp-content\/uploads\/2015\/10\/IMG_4476_small_featured.jpg\",\"width\":825,\"height\":510,\"caption\":\"Pl\u00e1tanos aparentemente inocentes.\"},{\"@type\":\"WebSite\",\"@id\":\"https:\/\/pvgrkdwu.a2hosted.com\/esmentira\/#website\",\"url\":\"https:\/\/pvgrkdwu.a2hosted.com\/esmentira\/\",\"name\":\"Es mentira\",\"description\":\"Desmintiendo bulos y rumores\",\"potentialAction\":[{\"@type\":\"SearchAction\",\"target\":{\"@type\":\"EntryPoint\",\"urlTemplate\":\"https:\/\/pvgrkdwu.a2hosted.com\/esmentira\/?s={search_term_string}\"},\"query-input\":{\"@type\":\"PropertyValueSpecification\",\"valueRequired\":true,\"valueName\":\"search_term_string\"}}],\"inLanguage\":\"en-US\"},{\"@type\":\"Person\",\"@id\":\"https:\/\/pvgrkdwu.a2hosted.com\/esmentira\/#\/schema\/person\/74c8cf970f838682612a932262e8e921\",\"name\":\"admin\",\"image\":{\"@type\":\"ImageObject\",\"inLanguage\":\"en-US\",\"@id\":\"https:\/\/pvgrkdwu.a2hosted.com\/esmentira\/#\/schema\/person\/image\/\",\"url\":\"https:\/\/secure.gravatar.com\/avatar\/78a69cc78fc35f1e13a9bca9f3fa80ee?s=96&d=mm&r=g\",\"contentUrl\":\"https:\/\/secure.gravatar.com\/avatar\/78a69cc78fc35f1e13a9bca9f3fa80ee?s=96&d=mm&r=g\",\"caption\":\"admin\"},\"sameAs\":[\"https:\/\/x.com\/Archerphoto\"]}]}<\/script>\n<!-- \/ Yoast SEO plugin. -->","yoast_head_json":{"title":"Los pl\u00e1tanos y la bacteria devoradora de carne","description":"Los pl\u00e1tanos y la bacteria devoradora de carne. Otra leyenda urbana.","robots":{"index":"index","follow":"follow","max-snippet":"max-snippet:-1","max-image-preview":"max-image-preview:large","max-video-preview":"max-video-preview:-1"},"canonical":"https:\/\/pvgrkdwu.a2hosted.com\/esmentira\/los-platanos-y-la-bacteria-devoradora-de-carne\/","og_locale":"en_US","og_type":"article","og_title":"Los pl\u00e1tanos y la bacteria devoradora de carne","og_description":"Los pl\u00e1tanos y la bacteria devoradora de carne. Otra leyenda urbana.","og_url":"https:\/\/pvgrkdwu.a2hosted.com\/esmentira\/los-platanos-y-la-bacteria-devoradora-de-carne\/","og_site_name":"Es mentira","article_publisher":"https:\/\/www.facebook.com\/JalalalaUniberzitate\/","article_published_time":"2015-10-29T22:53:43+00:00","article_modified_time":"2015-10-29T22:56:32+00:00","og_image":[{"width":825,"height":510,"url":"https:\/\/pvgrkdwu.a2hosted.com\/esmentira\/wp-content\/uploads\/2015\/10\/IMG_4476_small_featured.jpg","type":"image\/jpeg"}],"author":"admin","twitter_misc":{"Written by":"admin","Est. reading time":"5 minutes"},"schema":{"@context":"https:\/\/schema.org","@graph":[{"@type":"WebPage","@id":"https:\/\/pvgrkdwu.a2hosted.com\/esmentira\/los-platanos-y-la-bacteria-devoradora-de-carne\/","url":"https:\/\/pvgrkdwu.a2hosted.com\/esmentira\/los-platanos-y-la-bacteria-devoradora-de-carne\/","name":"Los pl\u00e1tanos y la bacteria devoradora de carne","isPartOf":{"@id":"https:\/\/pvgrkdwu.a2hosted.com\/esmentira\/#website"},"primaryImageOfPage":{"@id":"https:\/\/pvgrkdwu.a2hosted.com\/esmentira\/los-platanos-y-la-bacteria-devoradora-de-carne\/#primaryimage"},"image":{"@id":"https:\/\/pvgrkdwu.a2hosted.com\/esmentira\/los-platanos-y-la-bacteria-devoradora-de-carne\/#primaryimage"},"thumbnailUrl":"https:\/\/pvgrkdwu.a2hosted.com\/esmentira\/wp-content\/uploads\/2015\/10\/IMG_4476_small_featured.jpg","datePublished":"2015-10-29T22:53:43+00:00","dateModified":"2015-10-29T22:56:32+00:00","author":{"@id":"https:\/\/pvgrkdwu.a2hosted.com\/esmentira\/#\/schema\/person\/74c8cf970f838682612a932262e8e921"},"description":"Los pl\u00e1tanos y la bacteria devoradora de carne. Otra leyenda urbana.","inLanguage":"en-US","potentialAction":[{"@type":"ReadAction","target":["https:\/\/pvgrkdwu.a2hosted.com\/esmentira\/los-platanos-y-la-bacteria-devoradora-de-carne\/"]}]},{"@type":"ImageObject","inLanguage":"en-US","@id":"https:\/\/pvgrkdwu.a2hosted.com\/esmentira\/los-platanos-y-la-bacteria-devoradora-de-carne\/#primaryimage","url":"https:\/\/pvgrkdwu.a2hosted.com\/esmentira\/wp-content\/uploads\/2015\/10\/IMG_4476_small_featured.jpg","contentUrl":"https:\/\/pvgrkdwu.a2hosted.com\/esmentira\/wp-content\/uploads\/2015\/10\/IMG_4476_small_featured.jpg","width":825,"height":510,"caption":"Pl\u00e1tanos aparentemente inocentes."},{"@type":"WebSite","@id":"https:\/\/pvgrkdwu.a2hosted.com\/esmentira\/#website","url":"https:\/\/pvgrkdwu.a2hosted.com\/esmentira\/","name":"Es mentira","description":"Desmintiendo bulos y rumores","potentialAction":[{"@type":"SearchAction","target":{"@type":"EntryPoint","urlTemplate":"https:\/\/pvgrkdwu.a2hosted.com\/esmentira\/?s={search_term_string}"},"query-input":{"@type":"PropertyValueSpecification","valueRequired":true,"valueName":"search_term_string"}}],"inLanguage":"en-US"},{"@type":"Person","@id":"https:\/\/pvgrkdwu.a2hosted.com\/esmentira\/#\/schema\/person\/74c8cf970f838682612a932262e8e921","name":"admin","image":{"@type":"ImageObject","inLanguage":"en-US","@id":"https:\/\/pvgrkdwu.a2hosted.com\/esmentira\/#\/schema\/person\/image\/","url":"https:\/\/secure.gravatar.com\/avatar\/78a69cc78fc35f1e13a9bca9f3fa80ee?s=96&d=mm&r=g","contentUrl":"https:\/\/secure.gravatar.com\/avatar\/78a69cc78fc35f1e13a9bca9f3fa80ee?s=96&d=mm&r=g","caption":"admin"},"sameAs":["https:\/\/x.com\/Archerphoto"]}]}},"_links":{"self":[{"href":"https:\/\/pvgrkdwu.a2hosted.com\/esmentira\/wp-json\/wp\/v2\/posts\/585","targetHints":{"allow":["GET"]}}],"collection":[{"href":"https:\/\/pvgrkdwu.a2hosted.com\/esmentira\/wp-json\/wp\/v2\/posts"}],"about":[{"href":"https:\/\/pvgrkdwu.a2hosted.com\/esmentira\/wp-json\/wp\/v2\/types\/post"}],"author":[{"embeddable":true,"href":"https:\/\/pvgrkdwu.a2hosted.com\/esmentira\/wp-json\/wp\/v2\/users\/1"}],"replies":[{"embeddable":true,"href":"https:\/\/pvgrkdwu.a2hosted.com\/esmentira\/wp-json\/wp\/v2\/comments?post=585"}],"version-history":[{"count":4,"href":"https:\/\/pvgrkdwu.a2hosted.com\/esmentira\/wp-json\/wp\/v2\/posts\/585\/revisions"}],"predecessor-version":[{"id":592,"href":"https:\/\/pvgrkdwu.a2hosted.com\/esmentira\/wp-json\/wp\/v2\/posts\/585\/revisions\/592"}],"wp:featuredmedia":[{"embeddable":true,"href":"https:\/\/pvgrkdwu.a2hosted.com\/esmentira\/wp-json\/wp\/v2\/media\/586"}],"wp:attachment":[{"href":"https:\/\/pvgrkdwu.a2hosted.com\/esmentira\/wp-json\/wp\/v2\/media?parent=585"}],"wp:term":[{"taxonomy":"category","embeddable":true,"href":"https:\/\/pvgrkdwu.a2hosted.com\/esmentira\/wp-json\/wp\/v2\/categories?post=585"},{"taxonomy":"post_tag","embeddable":true,"href":"https:\/\/pvgrkdwu.a2hosted.com\/esmentira\/wp-json\/wp\/v2\/tags?post=585"}],"curies":[{"name":"wp","href":"https:\/\/api.w.org\/{rel}","templated":true}]}}