{"id":506,"date":"2015-07-21T19:25:33","date_gmt":"2015-07-21T19:25:33","guid":{"rendered":"http:\/\/www.archerphoto.eu\/esmentira\/?p=506"},"modified":"2015-09-06T20:31:53","modified_gmt":"2015-09-06T20:31:53","slug":"minioms-minions-nazis-y-buzos","status":"publish","type":"post","link":"https:\/\/pvgrkdwu.a2hosted.com\/esmentira\/minioms-minions-nazis-y-buzos\/","title":{"rendered":"Minioms, minions, nazis y buzos"},"content":{"rendered":"<p>He de reconocer que soy un fan de los Minions y que hasta fui al cine a ver la pel\u00edcula. As\u00ed que cuando, de repente, vi uno de esos exabruptos virales en los que se aseguraba que el origen de los bichos amarillos estaba emparentado con los campos de exterminio nazi me puse a investigar. Mi investigaci\u00f3n dur\u00f3 unos tres segundos, porque en el primer comentario de Facebook, una amiga de la amiga que hab\u00eda compartido el bulo daba un link que destripaba toda la falsa informaci\u00f3n. Cuelgo la noticia falsa y, al final, el link y la info verdadera. La fuente, seg\u00fan Snopes y seg\u00fan SoyChile, es una revista ecuatoriana que se ha cubierto de gloria&#8230; Se trata de un bulo fabricado inicialmente en castellano, con la informaci\u00f3n de la que disponemos, generado el 19 de julio de 2015.<\/p>\n<p>Lo que se comparti\u00f3 fue este texto: <em>&#8220;MINIOMS&#8221; as\u00ed eran llamados los ni\u00f1os que eran adoptados por los cient\u00edficos Nazis para ellos hacer sus experumentos con Cyklon-B el mismo qu\u00edmico que usaban para asfixiarlos. (Un mensaje a la sociedad)&#8221;<\/em> acompa\u00f1ado de una foto en la que los que aparec\u00edan eran los primeros buzos de un submarino de la Royal Navy en 1908, en concreto, equipados con sus aparatos \u00a0Hall-Rees que en realidad eran los &#8220;trajes de escape&#8221;. <a href=\"https:\/\/books.google.es\/books?id=RTL7O8IMFZ0C&amp;pg=PA165&amp;lpg=PA165&amp;dq=Hall+and+Rees+Submarine&amp;source=bl&amp;ots=_z7R4JiMyS&amp;sig=VHhX6-ml2VQN2GNZLPWenKgx4UE&amp;hl=en&amp;sa=X&amp;ved=0CDsQ6AEwBWoVChMIiq3T_ffsxgIVglYeCh0pZAeh#v=onepage&amp;q=Hall%20and%20Rees%20Submarine&amp;f=false\">Aqu\u00ed<\/a> hay otra de las referencias, gracias a Google.<\/p>\n<p>.<\/p>\n<p><a href=\"https:\/\/pvgrkdwu.a2hosted.com\/esmentira\/wp-content\/uploads\/2015\/07\/diversroyalnavy1920.jpg\"><img loading=\"lazy\" decoding=\"async\" class=\"alignleft wp-image-507 size-full\" src=\"https:\/\/pvgrkdwu.a2hosted.com\/esmentira\/wp-content\/uploads\/2015\/07\/diversroyalnavy1920.jpg\" alt=\"diversroyalnavy1920 Minioms, minions, nazis y buzos\" width=\"636\" height=\"438\" srcset=\"https:\/\/pvgrkdwu.a2hosted.com\/esmentira\/wp-content\/uploads\/2015\/07\/diversroyalnavy1920.jpg 636w, https:\/\/pvgrkdwu.a2hosted.com\/esmentira\/wp-content\/uploads\/2015\/07\/diversroyalnavy1920-300x207.jpg 300w\" sizes=\"auto, (max-width: 636px) 100vw, 636px\" \/><\/a><\/p>\n<p>&nbsp;<\/p>\n<p><a href=\"http:\/\/www.soychile.cl\/Santiago\/Internacional\/2015\/07\/20\/335172\/La-equivocada-conspiracion-que-relaciona-a-los-Minions-con-los-nazis-se-toma-las-redes-sociales.aspx\">http:\/\/www.soychile.cl\/Santiago\/Internacional\/2015\/07\/20\/335172\/La-equivocada-conspiracion-que-relaciona-a-los-Minions-con-los-nazis-se-toma-las-redes-sociales.aspx<\/a><\/p>\n","protected":false},"excerpt":{"rendered":"<p>He de reconocer que soy un fan de los Minions y que hasta fui al cine a ver la pel\u00edcula. As\u00ed que cuando, de repente, vi uno de esos exabruptos virales en los que se aseguraba que el origen de los bichos amarillos estaba emparentado con los campos de exterminio nazi me puse a investigar. &hellip; <\/p>\n<p class=\"link-more\"><a href=\"https:\/\/pvgrkdwu.a2hosted.com\/esmentira\/minioms-minions-nazis-y-buzos\/\" class=\"more-link\">Continue reading<span class=\"screen-reader-text\"> &#8220;Minioms, minions, nazis y buzos&#8221;<\/span><\/a><\/p>\n","protected":false},"author":1,"featured_media":507,"comment_status":"open","ping_status":"open","sticky":false,"template":"","format":"standard","meta":{"footnotes":""},"categories":[8],"tags":[127,128],"class_list":["post-506","post","type-post","status-publish","format-standard","has-post-thumbnail","hentry","category-bulo-2","tag-minions","tag-nazis"],"yoast_head":"<!-- This site is optimized with the Yoast SEO plugin v24.3 - https:\/\/yoast.com\/wordpress\/plugins\/seo\/ -->\n<title>Minioms, minions, nazis y buzos<\/title>\n<meta name=\"description\" content=\"Minioms, minions, nazis y buzos. Evidentemente, los minions no tienen un origen nazi.\" \/>\n<meta name=\"robots\" content=\"index, follow, max-snippet:-1, max-image-preview:large, max-video-preview:-1\" \/>\n<link rel=\"canonical\" href=\"https:\/\/pvgrkdwu.a2hosted.com\/esmentira\/minioms-minions-nazis-y-buzos\/\" \/>\n<meta property=\"og:locale\" content=\"en_US\" \/>\n<meta property=\"og:type\" content=\"article\" \/>\n<meta property=\"og:title\" content=\"Minioms, minions, nazis y buzos\" \/>\n<meta property=\"og:description\" content=\"Minioms, minions, nazis y buzos. Evidentemente, los minions no tienen un origen nazi.\" \/>\n<meta property=\"og:url\" content=\"https:\/\/pvgrkdwu.a2hosted.com\/esmentira\/minioms-minions-nazis-y-buzos\/\" \/>\n<meta property=\"og:site_name\" content=\"Es mentira\" \/>\n<meta property=\"article:publisher\" content=\"https:\/\/www.facebook.com\/JalalalaUniberzitate\/\" \/>\n<meta property=\"article:published_time\" content=\"2015-07-21T19:25:33+00:00\" \/>\n<meta property=\"article:modified_time\" content=\"2015-09-06T20:31:53+00:00\" \/>\n<meta property=\"og:image\" content=\"https:\/\/pvgrkdwu.a2hosted.com\/esmentira\/wp-content\/uploads\/2015\/07\/diversroyalnavy1920.jpg\" \/>\n\t<meta property=\"og:image:width\" content=\"636\" \/>\n\t<meta property=\"og:image:height\" content=\"438\" \/>\n\t<meta property=\"og:image:type\" content=\"image\/jpeg\" \/>\n<meta name=\"author\" content=\"admin\" \/>\n<meta name=\"twitter:label1\" content=\"Written by\" \/>\n\t<meta name=\"twitter:data1\" content=\"admin\" \/>\n\t<meta name=\"twitter:label2\" content=\"Est. reading time\" \/>\n\t<meta name=\"twitter:data2\" content=\"1 minute\" \/>\n<script type=\"application\/ld+json\" class=\"yoast-schema-graph\">{\"@context\":\"https:\/\/schema.org\",\"@graph\":[{\"@type\":\"WebPage\",\"@id\":\"https:\/\/pvgrkdwu.a2hosted.com\/esmentira\/minioms-minions-nazis-y-buzos\/\",\"url\":\"https:\/\/pvgrkdwu.a2hosted.com\/esmentira\/minioms-minions-nazis-y-buzos\/\",\"name\":\"Minioms, minions, nazis y buzos\",\"isPartOf\":{\"@id\":\"https:\/\/pvgrkdwu.a2hosted.com\/esmentira\/#website\"},\"primaryImageOfPage\":{\"@id\":\"https:\/\/pvgrkdwu.a2hosted.com\/esmentira\/minioms-minions-nazis-y-buzos\/#primaryimage\"},\"image\":{\"@id\":\"https:\/\/pvgrkdwu.a2hosted.com\/esmentira\/minioms-minions-nazis-y-buzos\/#primaryimage\"},\"thumbnailUrl\":\"https:\/\/pvgrkdwu.a2hosted.com\/esmentira\/wp-content\/uploads\/2015\/07\/diversroyalnavy1920.jpg\",\"datePublished\":\"2015-07-21T19:25:33+00:00\",\"dateModified\":\"2015-09-06T20:31:53+00:00\",\"author\":{\"@id\":\"https:\/\/pvgrkdwu.a2hosted.com\/esmentira\/#\/schema\/person\/74c8cf970f838682612a932262e8e921\"},\"description\":\"Minioms, minions, nazis y buzos. Evidentemente, los minions no tienen un origen nazi.\",\"inLanguage\":\"en-US\",\"potentialAction\":[{\"@type\":\"ReadAction\",\"target\":[\"https:\/\/pvgrkdwu.a2hosted.com\/esmentira\/minioms-minions-nazis-y-buzos\/\"]}]},{\"@type\":\"ImageObject\",\"inLanguage\":\"en-US\",\"@id\":\"https:\/\/pvgrkdwu.a2hosted.com\/esmentira\/minioms-minions-nazis-y-buzos\/#primaryimage\",\"url\":\"https:\/\/pvgrkdwu.a2hosted.com\/esmentira\/wp-content\/uploads\/2015\/07\/diversroyalnavy1920.jpg\",\"contentUrl\":\"https:\/\/pvgrkdwu.a2hosted.com\/esmentira\/wp-content\/uploads\/2015\/07\/diversroyalnavy1920.jpg\",\"width\":636,\"height\":438},{\"@type\":\"WebSite\",\"@id\":\"https:\/\/pvgrkdwu.a2hosted.com\/esmentira\/#website\",\"url\":\"https:\/\/pvgrkdwu.a2hosted.com\/esmentira\/\",\"name\":\"Es mentira\",\"description\":\"Desmintiendo bulos y rumores\",\"potentialAction\":[{\"@type\":\"SearchAction\",\"target\":{\"@type\":\"EntryPoint\",\"urlTemplate\":\"https:\/\/pvgrkdwu.a2hosted.com\/esmentira\/?s={search_term_string}\"},\"query-input\":{\"@type\":\"PropertyValueSpecification\",\"valueRequired\":true,\"valueName\":\"search_term_string\"}}],\"inLanguage\":\"en-US\"},{\"@type\":\"Person\",\"@id\":\"https:\/\/pvgrkdwu.a2hosted.com\/esmentira\/#\/schema\/person\/74c8cf970f838682612a932262e8e921\",\"name\":\"admin\",\"image\":{\"@type\":\"ImageObject\",\"inLanguage\":\"en-US\",\"@id\":\"https:\/\/pvgrkdwu.a2hosted.com\/esmentira\/#\/schema\/person\/image\/\",\"url\":\"https:\/\/secure.gravatar.com\/avatar\/78a69cc78fc35f1e13a9bca9f3fa80ee?s=96&d=mm&r=g\",\"contentUrl\":\"https:\/\/secure.gravatar.com\/avatar\/78a69cc78fc35f1e13a9bca9f3fa80ee?s=96&d=mm&r=g\",\"caption\":\"admin\"},\"sameAs\":[\"https:\/\/x.com\/Archerphoto\"]}]}<\/script>\n<!-- \/ Yoast SEO plugin. -->","yoast_head_json":{"title":"Minioms, minions, nazis y buzos","description":"Minioms, minions, nazis y buzos. Evidentemente, los minions no tienen un origen nazi.","robots":{"index":"index","follow":"follow","max-snippet":"max-snippet:-1","max-image-preview":"max-image-preview:large","max-video-preview":"max-video-preview:-1"},"canonical":"https:\/\/pvgrkdwu.a2hosted.com\/esmentira\/minioms-minions-nazis-y-buzos\/","og_locale":"en_US","og_type":"article","og_title":"Minioms, minions, nazis y buzos","og_description":"Minioms, minions, nazis y buzos. Evidentemente, los minions no tienen un origen nazi.","og_url":"https:\/\/pvgrkdwu.a2hosted.com\/esmentira\/minioms-minions-nazis-y-buzos\/","og_site_name":"Es mentira","article_publisher":"https:\/\/www.facebook.com\/JalalalaUniberzitate\/","article_published_time":"2015-07-21T19:25:33+00:00","article_modified_time":"2015-09-06T20:31:53+00:00","og_image":[{"width":636,"height":438,"url":"https:\/\/pvgrkdwu.a2hosted.com\/esmentira\/wp-content\/uploads\/2015\/07\/diversroyalnavy1920.jpg","type":"image\/jpeg"}],"author":"admin","twitter_misc":{"Written by":"admin","Est. reading time":"1 minute"},"schema":{"@context":"https:\/\/schema.org","@graph":[{"@type":"WebPage","@id":"https:\/\/pvgrkdwu.a2hosted.com\/esmentira\/minioms-minions-nazis-y-buzos\/","url":"https:\/\/pvgrkdwu.a2hosted.com\/esmentira\/minioms-minions-nazis-y-buzos\/","name":"Minioms, minions, nazis y buzos","isPartOf":{"@id":"https:\/\/pvgrkdwu.a2hosted.com\/esmentira\/#website"},"primaryImageOfPage":{"@id":"https:\/\/pvgrkdwu.a2hosted.com\/esmentira\/minioms-minions-nazis-y-buzos\/#primaryimage"},"image":{"@id":"https:\/\/pvgrkdwu.a2hosted.com\/esmentira\/minioms-minions-nazis-y-buzos\/#primaryimage"},"thumbnailUrl":"https:\/\/pvgrkdwu.a2hosted.com\/esmentira\/wp-content\/uploads\/2015\/07\/diversroyalnavy1920.jpg","datePublished":"2015-07-21T19:25:33+00:00","dateModified":"2015-09-06T20:31:53+00:00","author":{"@id":"https:\/\/pvgrkdwu.a2hosted.com\/esmentira\/#\/schema\/person\/74c8cf970f838682612a932262e8e921"},"description":"Minioms, minions, nazis y buzos. Evidentemente, los minions no tienen un origen nazi.","inLanguage":"en-US","potentialAction":[{"@type":"ReadAction","target":["https:\/\/pvgrkdwu.a2hosted.com\/esmentira\/minioms-minions-nazis-y-buzos\/"]}]},{"@type":"ImageObject","inLanguage":"en-US","@id":"https:\/\/pvgrkdwu.a2hosted.com\/esmentira\/minioms-minions-nazis-y-buzos\/#primaryimage","url":"https:\/\/pvgrkdwu.a2hosted.com\/esmentira\/wp-content\/uploads\/2015\/07\/diversroyalnavy1920.jpg","contentUrl":"https:\/\/pvgrkdwu.a2hosted.com\/esmentira\/wp-content\/uploads\/2015\/07\/diversroyalnavy1920.jpg","width":636,"height":438},{"@type":"WebSite","@id":"https:\/\/pvgrkdwu.a2hosted.com\/esmentira\/#website","url":"https:\/\/pvgrkdwu.a2hosted.com\/esmentira\/","name":"Es mentira","description":"Desmintiendo bulos y rumores","potentialAction":[{"@type":"SearchAction","target":{"@type":"EntryPoint","urlTemplate":"https:\/\/pvgrkdwu.a2hosted.com\/esmentira\/?s={search_term_string}"},"query-input":{"@type":"PropertyValueSpecification","valueRequired":true,"valueName":"search_term_string"}}],"inLanguage":"en-US"},{"@type":"Person","@id":"https:\/\/pvgrkdwu.a2hosted.com\/esmentira\/#\/schema\/person\/74c8cf970f838682612a932262e8e921","name":"admin","image":{"@type":"ImageObject","inLanguage":"en-US","@id":"https:\/\/pvgrkdwu.a2hosted.com\/esmentira\/#\/schema\/person\/image\/","url":"https:\/\/secure.gravatar.com\/avatar\/78a69cc78fc35f1e13a9bca9f3fa80ee?s=96&d=mm&r=g","contentUrl":"https:\/\/secure.gravatar.com\/avatar\/78a69cc78fc35f1e13a9bca9f3fa80ee?s=96&d=mm&r=g","caption":"admin"},"sameAs":["https:\/\/x.com\/Archerphoto"]}]}},"_links":{"self":[{"href":"https:\/\/pvgrkdwu.a2hosted.com\/esmentira\/wp-json\/wp\/v2\/posts\/506","targetHints":{"allow":["GET"]}}],"collection":[{"href":"https:\/\/pvgrkdwu.a2hosted.com\/esmentira\/wp-json\/wp\/v2\/posts"}],"about":[{"href":"https:\/\/pvgrkdwu.a2hosted.com\/esmentira\/wp-json\/wp\/v2\/types\/post"}],"author":[{"embeddable":true,"href":"https:\/\/pvgrkdwu.a2hosted.com\/esmentira\/wp-json\/wp\/v2\/users\/1"}],"replies":[{"embeddable":true,"href":"https:\/\/pvgrkdwu.a2hosted.com\/esmentira\/wp-json\/wp\/v2\/comments?post=506"}],"version-history":[{"count":4,"href":"https:\/\/pvgrkdwu.a2hosted.com\/esmentira\/wp-json\/wp\/v2\/posts\/506\/revisions"}],"predecessor-version":[{"id":536,"href":"https:\/\/pvgrkdwu.a2hosted.com\/esmentira\/wp-json\/wp\/v2\/posts\/506\/revisions\/536"}],"wp:featuredmedia":[{"embeddable":true,"href":"https:\/\/pvgrkdwu.a2hosted.com\/esmentira\/wp-json\/wp\/v2\/media\/507"}],"wp:attachment":[{"href":"https:\/\/pvgrkdwu.a2hosted.com\/esmentira\/wp-json\/wp\/v2\/media?parent=506"}],"wp:term":[{"taxonomy":"category","embeddable":true,"href":"https:\/\/pvgrkdwu.a2hosted.com\/esmentira\/wp-json\/wp\/v2\/categories?post=506"},{"taxonomy":"post_tag","embeddable":true,"href":"https:\/\/pvgrkdwu.a2hosted.com\/esmentira\/wp-json\/wp\/v2\/tags?post=506"}],"curies":[{"name":"wp","href":"https:\/\/api.w.org\/{rel}","templated":true}]}}