{"id":449,"date":"2014-07-10T20:32:18","date_gmt":"2014-07-10T20:32:18","guid":{"rendered":"http:\/\/www.archerphoto.eu\/esmentira\/?p=449"},"modified":"2014-07-10T20:33:03","modified_gmt":"2014-07-10T20:33:03","slug":"la-chica-de-la-curva","status":"publish","type":"post","link":"https:\/\/pvgrkdwu.a2hosted.com\/esmentira\/la-chica-de-la-curva\/","title":{"rendered":"La chica de la curva"},"content":{"rendered":"<p><strong>La chica de la curva<\/strong><\/p>\n<p>La leyenda urbana por excelencia es, probablemente, la terror\u00edfica historia de la chica de la curva. Su mera menci\u00f3n provocaba \u2013 y provoca, y provocar\u00e1 \u2013 escalofr\u00edos a cualquiera que la escuche por primera vez. Cuando ya sabes que es un camelo, pues eso, medias sonrisas y cosas as\u00ed. Eso s\u00ed, merece un recuerdo por ser uno de los ejemplos m\u00e1s paradigm\u00e1ticos de leyenda urbana.<\/p>\n<p>Una leyenda que ha hecho temblar incluso a Iker Jim\u00e9nez. Bueno, vale, ya sabemos que Iker se inquieta con casi todo, pero digamos que este relato a casi todos nos ha dado mal rollo alguna vez. En realidad, esta es una historia de rollo contar de noche, en un campamento, alrededor del fuego. Conste que aqu\u00ed toco de o\u00eddo porque yo soy m\u00e1s urbano que las alcantarillas y no he ido de campamento jam\u00e1s.<\/p>\n<p>La historia se ha contado mil veces, con cientos de versiones diferentes.<\/p>\n<p><span style=\"color: #000080;\">Una autoestopista con un vestido blanco rasgado est\u00e1 en una carretera. Un conductor se detiene y la muchacha pide por favor que la lleven a casa. Ella permanece sentada, callada y de repente, desaparece. El conductor averigua despu\u00e9s que la chica estaba advirti\u00e9ndole sobre una curva en la que ella misma falleci\u00f3 en un accidente. En otras ocasiones, la chica avisa mientras va en el coche que es en esa misma curva en la que ella falleci\u00f3, y a los pocos segundos desaparece.<\/span><\/p>\n<p>En Espa\u00f1a hay diferentes versiones, una de ellas en Torreseca, en C\u00e1ceres, y otra en el Puerto de la Cruz Verde, en la sierra de Guadarrama, adem\u00e1s de en el Puerto de Galapagar. A m\u00ed siempre me hab\u00eda sonado de \u201cuna carretera entre monta\u00f1as en Galicia\u201d, pero no tengo documentaci\u00f3n al respecto. Hay vestidos blancos, vestidos de novia, camisones vaporosos y casi cualquier cosa que sea blanca. Incluso hay quien difunde una foto fantasmal. Por todo esto, he explicado en un post\u00a0-y aqu\u00ed est\u00e1 el link a otra de mis webs <a href=\"http:\/\/www.archerphoto.eu\/tutorial-para-crear-una-foto-fantasmal\/\" target=\"_blank\">http:\/\/www.archerphoto.eu\/tutorial-para-crear-una-foto-fantasmal\/<\/a>&#8211; \u00a0de como hacer una foto fantasmal, que esto se hace de manera muy sencilla y resulta un ejemplo ilustrativo.<\/p>\n<p>Los americanos, que esto lo tienen muy estudiado, suelen llamar a esta leyenda \u201cThe Vanishing Hitchiker\u201d, pero ellos tienen una tendencia m\u00e1s urbana: en general suele ser en alguna calle espec\u00edfica, y en muchos casos llevan alg\u00fan complemento como una chaqueta, un libro o una bufanda. La historia es es similar, pero en este caso, el conductor recoge a la chica que pide que la lleven a casa. Conduce hasta una casa solitaria, pero ella desaparece sin salir del coche. El conductor se dirige a la casa llama insistentemente, y el habitante le explica que la chica de la curva era su hija y reconoce el objeto del coche como perteneciente a su hija.<\/p>\n<p>Hay otra versi\u00f3n del Vanishing Hitchiker, que no coincide exactamente con la chica de la curva, y es la de un autoestopista que se desvanece ante los ojos del conductor, no sin antes lanzar una profec\u00eda sobre el futuro.<\/p>\n<p>La primera aparici\u00f3n documentada y comparada de la leyenda es en el California Folklore Quarterly, en 1942 en la que Richard Beardsley y Rosalie Hankey cuentan la historia que, por cierto, ubican cerca de Twin Peaks. El link a la publicaci\u00f3n:\u00a0<a href=\"http:\/\/www.jstor.org\/discover\/10.2307\/1495600?uid=3737952&amp;uid=2&amp;uid=4&amp;sid=21104270423267\">http:\/\/www.jstor.org\/discover\/10.2307\/1495600?uid=3737952&amp;uid=2&amp;uid=4&amp;sid=21104270423267<\/a><\/p>\n<p>No es casual, sin duda, que una parte de una de las versiones de la historia se hubiese contado en el Orson Welles Show, en la radio, en 1941. En este estudio de Beardsley y Hankey hab\u00edan encontrado 79 narraciones escritas de autoestopistas que se desvanec\u00edan. Bueno, m\u00e1s o menos, porque 49 de las 79 s\u00ed entraban en este perfil, pero las otras 30 ten\u00edan profec\u00edas, implicaban deidades locales y otros detalles significativos. La leyenda tuvo un subid\u00f3n importante a partir del a\u00f1o 75.<\/p>\n<p>Hay referencias posteriores en The Twilight Zone, en Supernatural, en un tema de Tom Waits (aunque lo escribi\u00f3 Tommy Faile), y en una enorme cantidad de material audiovisual, desde pel\u00edculas de Bollywood a, otra vez, Orson Welles, y hasta en Disneyworld, en la Haunted House hay alguna referencia.<\/p>\n","protected":false},"excerpt":{"rendered":"<p>La chica de la curva La leyenda urbana por excelencia es, probablemente, la terror\u00edfica historia de la chica de la curva. Su mera menci\u00f3n provocaba \u2013 y provoca, y provocar\u00e1 \u2013 escalofr\u00edos a cualquiera que la escuche por primera vez. Cuando ya sabes que es un camelo, pues eso, medias sonrisas y cosas as\u00ed. Eso &hellip; <\/p>\n<p class=\"link-more\"><a href=\"https:\/\/pvgrkdwu.a2hosted.com\/esmentira\/la-chica-de-la-curva\/\" class=\"more-link\">Continue reading<span class=\"screen-reader-text\"> &#8220;La chica de la curva&#8221;<\/span><\/a><\/p>\n","protected":false},"author":1,"featured_media":450,"comment_status":"open","ping_status":"open","sticky":false,"template":"","format":"standard","meta":{"footnotes":""},"categories":[71],"tags":[121],"class_list":["post-449","post","type-post","status-publish","format-standard","has-post-thumbnail","hentry","category-leyenda-urbana-2","tag-la-chica-de-la-curva"],"yoast_head":"<!-- This site is optimized with the Yoast SEO plugin v24.3 - https:\/\/yoast.com\/wordpress\/plugins\/seo\/ -->\n<title>La chica de la curva<\/title>\n<meta name=\"description\" content=\"La chica de la curva. Una leyenda urbana de enorme difusi\u00f3n.\" \/>\n<meta name=\"robots\" content=\"index, follow, max-snippet:-1, max-image-preview:large, max-video-preview:-1\" \/>\n<link rel=\"canonical\" href=\"https:\/\/pvgrkdwu.a2hosted.com\/esmentira\/la-chica-de-la-curva\/\" \/>\n<meta property=\"og:locale\" content=\"en_US\" \/>\n<meta property=\"og:type\" content=\"article\" \/>\n<meta property=\"og:title\" content=\"La chica de la curva\" \/>\n<meta property=\"og:description\" content=\"La chica de la curva. Una leyenda urbana de enorme difusi\u00f3n.\" \/>\n<meta property=\"og:url\" content=\"https:\/\/pvgrkdwu.a2hosted.com\/esmentira\/la-chica-de-la-curva\/\" \/>\n<meta property=\"og:site_name\" content=\"Es mentira\" \/>\n<meta property=\"article:publisher\" content=\"https:\/\/www.facebook.com\/JalalalaUniberzitate\/\" \/>\n<meta property=\"article:published_time\" content=\"2014-07-10T20:32:18+00:00\" \/>\n<meta property=\"article:modified_time\" content=\"2014-07-10T20:33:03+00:00\" \/>\n<meta property=\"og:image\" content=\"https:\/\/pvgrkdwu.a2hosted.com\/esmentira\/wp-content\/uploads\/2014\/07\/IMG_0383-fantasmal-3_small.jpg\" \/>\n\t<meta property=\"og:image:width\" content=\"1200\" \/>\n\t<meta property=\"og:image:height\" content=\"1000\" \/>\n\t<meta property=\"og:image:type\" content=\"image\/jpeg\" \/>\n<meta name=\"author\" content=\"admin\" \/>\n<meta name=\"twitter:label1\" content=\"Written by\" \/>\n\t<meta name=\"twitter:data1\" content=\"admin\" \/>\n\t<meta name=\"twitter:label2\" content=\"Est. reading time\" \/>\n\t<meta name=\"twitter:data2\" content=\"4 minutes\" \/>\n<script type=\"application\/ld+json\" class=\"yoast-schema-graph\">{\"@context\":\"https:\/\/schema.org\",\"@graph\":[{\"@type\":\"WebPage\",\"@id\":\"https:\/\/pvgrkdwu.a2hosted.com\/esmentira\/la-chica-de-la-curva\/\",\"url\":\"https:\/\/pvgrkdwu.a2hosted.com\/esmentira\/la-chica-de-la-curva\/\",\"name\":\"La chica de la curva\",\"isPartOf\":{\"@id\":\"https:\/\/pvgrkdwu.a2hosted.com\/esmentira\/#website\"},\"primaryImageOfPage\":{\"@id\":\"https:\/\/pvgrkdwu.a2hosted.com\/esmentira\/la-chica-de-la-curva\/#primaryimage\"},\"image\":{\"@id\":\"https:\/\/pvgrkdwu.a2hosted.com\/esmentira\/la-chica-de-la-curva\/#primaryimage\"},\"thumbnailUrl\":\"https:\/\/pvgrkdwu.a2hosted.com\/esmentira\/wp-content\/uploads\/2014\/07\/IMG_0383-fantasmal-3_small.jpg\",\"datePublished\":\"2014-07-10T20:32:18+00:00\",\"dateModified\":\"2014-07-10T20:33:03+00:00\",\"author\":{\"@id\":\"https:\/\/pvgrkdwu.a2hosted.com\/esmentira\/#\/schema\/person\/74c8cf970f838682612a932262e8e921\"},\"description\":\"La chica de la curva. Una leyenda urbana de enorme difusi\u00f3n.\",\"inLanguage\":\"en-US\",\"potentialAction\":[{\"@type\":\"ReadAction\",\"target\":[\"https:\/\/pvgrkdwu.a2hosted.com\/esmentira\/la-chica-de-la-curva\/\"]}]},{\"@type\":\"ImageObject\",\"inLanguage\":\"en-US\",\"@id\":\"https:\/\/pvgrkdwu.a2hosted.com\/esmentira\/la-chica-de-la-curva\/#primaryimage\",\"url\":\"https:\/\/pvgrkdwu.a2hosted.com\/esmentira\/wp-content\/uploads\/2014\/07\/IMG_0383-fantasmal-3_small.jpg\",\"contentUrl\":\"https:\/\/pvgrkdwu.a2hosted.com\/esmentira\/wp-content\/uploads\/2014\/07\/IMG_0383-fantasmal-3_small.jpg\",\"width\":1200,\"height\":1000,\"caption\":\"No es la chica de la curva, es Miguel Coll\"},{\"@type\":\"WebSite\",\"@id\":\"https:\/\/pvgrkdwu.a2hosted.com\/esmentira\/#website\",\"url\":\"https:\/\/pvgrkdwu.a2hosted.com\/esmentira\/\",\"name\":\"Es mentira\",\"description\":\"Desmintiendo bulos y rumores\",\"potentialAction\":[{\"@type\":\"SearchAction\",\"target\":{\"@type\":\"EntryPoint\",\"urlTemplate\":\"https:\/\/pvgrkdwu.a2hosted.com\/esmentira\/?s={search_term_string}\"},\"query-input\":{\"@type\":\"PropertyValueSpecification\",\"valueRequired\":true,\"valueName\":\"search_term_string\"}}],\"inLanguage\":\"en-US\"},{\"@type\":\"Person\",\"@id\":\"https:\/\/pvgrkdwu.a2hosted.com\/esmentira\/#\/schema\/person\/74c8cf970f838682612a932262e8e921\",\"name\":\"admin\",\"image\":{\"@type\":\"ImageObject\",\"inLanguage\":\"en-US\",\"@id\":\"https:\/\/pvgrkdwu.a2hosted.com\/esmentira\/#\/schema\/person\/image\/\",\"url\":\"https:\/\/secure.gravatar.com\/avatar\/78a69cc78fc35f1e13a9bca9f3fa80ee?s=96&d=mm&r=g\",\"contentUrl\":\"https:\/\/secure.gravatar.com\/avatar\/78a69cc78fc35f1e13a9bca9f3fa80ee?s=96&d=mm&r=g\",\"caption\":\"admin\"},\"sameAs\":[\"https:\/\/x.com\/Archerphoto\"]}]}<\/script>\n<!-- \/ Yoast SEO plugin. -->","yoast_head_json":{"title":"La chica de la curva","description":"La chica de la curva. Una leyenda urbana de enorme difusi\u00f3n.","robots":{"index":"index","follow":"follow","max-snippet":"max-snippet:-1","max-image-preview":"max-image-preview:large","max-video-preview":"max-video-preview:-1"},"canonical":"https:\/\/pvgrkdwu.a2hosted.com\/esmentira\/la-chica-de-la-curva\/","og_locale":"en_US","og_type":"article","og_title":"La chica de la curva","og_description":"La chica de la curva. Una leyenda urbana de enorme difusi\u00f3n.","og_url":"https:\/\/pvgrkdwu.a2hosted.com\/esmentira\/la-chica-de-la-curva\/","og_site_name":"Es mentira","article_publisher":"https:\/\/www.facebook.com\/JalalalaUniberzitate\/","article_published_time":"2014-07-10T20:32:18+00:00","article_modified_time":"2014-07-10T20:33:03+00:00","og_image":[{"width":1200,"height":1000,"url":"https:\/\/pvgrkdwu.a2hosted.com\/esmentira\/wp-content\/uploads\/2014\/07\/IMG_0383-fantasmal-3_small.jpg","type":"image\/jpeg"}],"author":"admin","twitter_misc":{"Written by":"admin","Est. reading time":"4 minutes"},"schema":{"@context":"https:\/\/schema.org","@graph":[{"@type":"WebPage","@id":"https:\/\/pvgrkdwu.a2hosted.com\/esmentira\/la-chica-de-la-curva\/","url":"https:\/\/pvgrkdwu.a2hosted.com\/esmentira\/la-chica-de-la-curva\/","name":"La chica de la curva","isPartOf":{"@id":"https:\/\/pvgrkdwu.a2hosted.com\/esmentira\/#website"},"primaryImageOfPage":{"@id":"https:\/\/pvgrkdwu.a2hosted.com\/esmentira\/la-chica-de-la-curva\/#primaryimage"},"image":{"@id":"https:\/\/pvgrkdwu.a2hosted.com\/esmentira\/la-chica-de-la-curva\/#primaryimage"},"thumbnailUrl":"https:\/\/pvgrkdwu.a2hosted.com\/esmentira\/wp-content\/uploads\/2014\/07\/IMG_0383-fantasmal-3_small.jpg","datePublished":"2014-07-10T20:32:18+00:00","dateModified":"2014-07-10T20:33:03+00:00","author":{"@id":"https:\/\/pvgrkdwu.a2hosted.com\/esmentira\/#\/schema\/person\/74c8cf970f838682612a932262e8e921"},"description":"La chica de la curva. Una leyenda urbana de enorme difusi\u00f3n.","inLanguage":"en-US","potentialAction":[{"@type":"ReadAction","target":["https:\/\/pvgrkdwu.a2hosted.com\/esmentira\/la-chica-de-la-curva\/"]}]},{"@type":"ImageObject","inLanguage":"en-US","@id":"https:\/\/pvgrkdwu.a2hosted.com\/esmentira\/la-chica-de-la-curva\/#primaryimage","url":"https:\/\/pvgrkdwu.a2hosted.com\/esmentira\/wp-content\/uploads\/2014\/07\/IMG_0383-fantasmal-3_small.jpg","contentUrl":"https:\/\/pvgrkdwu.a2hosted.com\/esmentira\/wp-content\/uploads\/2014\/07\/IMG_0383-fantasmal-3_small.jpg","width":1200,"height":1000,"caption":"No es la chica de la curva, es Miguel Coll"},{"@type":"WebSite","@id":"https:\/\/pvgrkdwu.a2hosted.com\/esmentira\/#website","url":"https:\/\/pvgrkdwu.a2hosted.com\/esmentira\/","name":"Es mentira","description":"Desmintiendo bulos y rumores","potentialAction":[{"@type":"SearchAction","target":{"@type":"EntryPoint","urlTemplate":"https:\/\/pvgrkdwu.a2hosted.com\/esmentira\/?s={search_term_string}"},"query-input":{"@type":"PropertyValueSpecification","valueRequired":true,"valueName":"search_term_string"}}],"inLanguage":"en-US"},{"@type":"Person","@id":"https:\/\/pvgrkdwu.a2hosted.com\/esmentira\/#\/schema\/person\/74c8cf970f838682612a932262e8e921","name":"admin","image":{"@type":"ImageObject","inLanguage":"en-US","@id":"https:\/\/pvgrkdwu.a2hosted.com\/esmentira\/#\/schema\/person\/image\/","url":"https:\/\/secure.gravatar.com\/avatar\/78a69cc78fc35f1e13a9bca9f3fa80ee?s=96&d=mm&r=g","contentUrl":"https:\/\/secure.gravatar.com\/avatar\/78a69cc78fc35f1e13a9bca9f3fa80ee?s=96&d=mm&r=g","caption":"admin"},"sameAs":["https:\/\/x.com\/Archerphoto"]}]}},"_links":{"self":[{"href":"https:\/\/pvgrkdwu.a2hosted.com\/esmentira\/wp-json\/wp\/v2\/posts\/449","targetHints":{"allow":["GET"]}}],"collection":[{"href":"https:\/\/pvgrkdwu.a2hosted.com\/esmentira\/wp-json\/wp\/v2\/posts"}],"about":[{"href":"https:\/\/pvgrkdwu.a2hosted.com\/esmentira\/wp-json\/wp\/v2\/types\/post"}],"author":[{"embeddable":true,"href":"https:\/\/pvgrkdwu.a2hosted.com\/esmentira\/wp-json\/wp\/v2\/users\/1"}],"replies":[{"embeddable":true,"href":"https:\/\/pvgrkdwu.a2hosted.com\/esmentira\/wp-json\/wp\/v2\/comments?post=449"}],"version-history":[{"count":2,"href":"https:\/\/pvgrkdwu.a2hosted.com\/esmentira\/wp-json\/wp\/v2\/posts\/449\/revisions"}],"predecessor-version":[{"id":452,"href":"https:\/\/pvgrkdwu.a2hosted.com\/esmentira\/wp-json\/wp\/v2\/posts\/449\/revisions\/452"}],"wp:featuredmedia":[{"embeddable":true,"href":"https:\/\/pvgrkdwu.a2hosted.com\/esmentira\/wp-json\/wp\/v2\/media\/450"}],"wp:attachment":[{"href":"https:\/\/pvgrkdwu.a2hosted.com\/esmentira\/wp-json\/wp\/v2\/media?parent=449"}],"wp:term":[{"taxonomy":"category","embeddable":true,"href":"https:\/\/pvgrkdwu.a2hosted.com\/esmentira\/wp-json\/wp\/v2\/categories?post=449"},{"taxonomy":"post_tag","embeddable":true,"href":"https:\/\/pvgrkdwu.a2hosted.com\/esmentira\/wp-json\/wp\/v2\/tags?post=449"}],"curies":[{"name":"wp","href":"https:\/\/api.w.org\/{rel}","templated":true}]}}