{"id":331,"date":"2013-12-29T13:20:57","date_gmt":"2013-12-29T13:20:57","guid":{"rendered":"http:\/\/www.archerphoto.eu\/esmentira\/?p=331"},"modified":"2013-12-29T13:20:57","modified_gmt":"2013-12-29T13:20:57","slug":"la-leyenda-de-papa-noel-santa-claus-y-san-nicolas","status":"publish","type":"post","link":"https:\/\/pvgrkdwu.a2hosted.com\/esmentira\/la-leyenda-de-papa-noel-santa-claus-y-san-nicolas\/","title":{"rendered":"La leyenda de Pap\u00e1 Noel, Santa Claus y San Nicol\u00e1s"},"content":{"rendered":"<p><span style=\"color: #000000;\"><span style=\"font-family: 'Gill Sans MT Pro Book', sans-serif;\"><span style=\"font-size: medium;\">Si hay un personaje navide\u00f1o por definici\u00f3n es Pap\u00e1 Noel. Pues, claro, no se libra en absoluto de la cuesti\u00f3n de las leyendas urbanas. Santa Claus es una fuente inagotable de l\u00edos, leyendas, historias y errores,<\/span><\/span><\/span><span style=\"font-size: medium; font-family: 'Gill Sans MT Pro Book', sans-serif; color: #000000; line-height: 1.5em;\">\u00a0pr\u00e1cticamente el padre de todas las leyendas. Urbanas, rurales y de casi cualquier tipo. En general, el origen del personaje es tan complicado que resulta algo lioso de explicar. As\u00ed que haremos lo que podamos.<\/span><\/p>\n<h2>\u00bfLa leyenda de Pap\u00e1 Noel, Santa Claus y San Nicol\u00e1s es una invenci\u00f3n americana, inglesa o anglosajona?<\/h2>\n<p><span style=\"color: #000000;\"><span style=\"font-family: 'Gill Sans MT Pro Book', sans-serif;\"><span style=\"font-size: medium;\">Pap\u00e1 Noel o Santa Claus (de San Nicol\u00e1s). El concepto viene de la vida del obispo Nicol\u00e1s de Myra, Licia \u2013 Turqu\u00eda- que vivi\u00f3 en el S.IV y que, parece ser, era particularmente bueno con los pobres. El rumor que se extendi\u00f3 hace unos a\u00f1os es que era una invenci\u00f3n de Coca-Cola, pero Coca-Cola lo \u00fanico que hizco fue encargarle a Haddon Sundblom unas ilustraciones publicitarias con la botella de Coca-Cola en las manos.<\/span><\/span><\/span><\/p>\n<h2>Vale, entonces no es americano<\/h2>\n<p><span style=\"color: #000000;\"><span style=\"font-family: 'Gill Sans MT Pro Book', sans-serif;\"><span style=\"font-size: medium;\">Esto era la versi\u00f3n corta. \u00c1tate los machos. El aspecto y la leyenda de Pap\u00e1 Noel ha variado un chorrot\u00f3n. Con San Nicol\u00e1s la leyenda comienza con unos ni\u00f1os acuchillados que son curados por el obispo de manera milagrosa. San Nicol\u00e1s de Myra, en un principio, San Nicol\u00e1s de Bari despu\u00e9s, porque cuando los turcos invaden la ciudad se trasladan los restos a Italia y all\u00ed se quedan.<\/span><\/span><\/span><\/p>\n<h2>Turco-italiano, pues<\/h2>\n<p><span style=\"color: #000000;\"><span style=\"font-family: 'Gill Sans MT Pro Book', sans-serif;\"><span style=\"font-size: medium;\">Y bueno, tenemos a San Nicol\u00e1s, que a\u00fan se tiene que convertir en Santa Claus, pero esto ya pasa mucho despu\u00e9s. Los inmigrantes holandeses se llevan su versi\u00f3n del patrono Sinterklaas, que es tambi\u00e9n San Nicol\u00e1s. Washington Irving escribe en 1809 un cuento, deforma el nombre del patr\u00f3n holand\u00e9s -que sigue siendo un santo turco, que, no nos olvidemos, va a acabar viviendo en Rovaniemi, Finlandia (aunque todos los pa\u00edses n\u00f3rdicos reclaman ser la morada de Santa Claus)- y le llama Santa Claus. Regala juguetes a los ni\u00f1os en la v\u00edspera de Navidad pero es enano y delgado. Va en un trineo tirado por renos, incluyendo a Rudolph. En 1863 engorda merced a los dibujos de Thomas Nast para unas tiras navide\u00f1as en Harper&#8217;s Weekly. Tiene una vestimenta que recuerda a la de un obispo antiguo, pero est\u00e1 en blanco y negro.<\/span><\/span><\/span><\/p>\n<h2>Holand\u00e9s y americano. Finland\u00e9s<\/h2>\n<p><span style=\"color: #000000;\"><span style=\"font-family: 'Gill Sans MT Pro Book', sans-serif;\"><span style=\"font-size: medium;\">Los americanos exportan hasta Francia el mito y los franceses mezclan el Bonhomme No\u00ebl, una tradici\u00f3n similar, pero que iba de blanco y dorado. La Lomen Company -que es una compa\u00f1\u00eda que ten\u00eda almacenes frigor\u00edficos y que se dedicaba a vender carne de reno- usa al personaje como reclamo, concreta su origen del Polo Norte (lo siento, turcos, os quedasteis sin \u00e9l) y los renos se quedan tambi\u00e9n como parte del mito.<\/span><\/span><\/span><\/p>\n<h2>Franco-americano. Groenland\u00e9s<\/h2>\n<p><a name=\"firstHeading\"><\/a><span style=\"font-family: 'Gill Sans MT Pro Book', sans-serif;\"><span style=\"font-size: medium;\"><span style=\"color: #000000;\">Los anuncios de Coca-Cola le atribuir\u00e1n definitivamente el color rojo a su vestimenta, pero no es exactamente una invenci\u00f3n del ilustrador, sino que es una elecci\u00f3n entre los muchos atuendos con los que se visti\u00f3 o describi\u00f3 al personaje. El rojo no es un color ajeno al clero, solo cabe recordar la p\u00farpura cardenalicia. <\/span><span style=\"color: #000000;\">Pero s\u00ed, antes de las ilustraciones de <\/span><span style=\"color: #000000;\">Haddon Sundblom, el color no estaba tan asentado. \u00c9l se inspir\u00f3 en un poema de Clement Clark Moore de 1822, \u201cA visit from St. Nicholas\u201d, pero en el poema dice que va cubierto de pelo -adem\u00e1s de cenizas y holl\u00edn- de arriba hasta abajo, pero no que vaya de rojo. Dice que est\u00e1 gordo y muy sonriente.<\/span><\/span><\/span><\/p>\n<p><span style=\"color: #000000;\"><span style=\"font-family: 'Gill Sans MT Pro Book', sans-serif;\"><span style=\"font-size: medium;\"><a href=\"https:\/\/www.youtube.com\/watch?v=qUzIF4eYRkg\"><div class=\"lyte-wrapper fourthree\" style=\"width:420px;max-width:100%;margin:5px;\"><div class=\"lyMe\" id=\"WYL_qUzIF4eYRkg\"><div id=\"lyte_qUzIF4eYRkg\" data-src=\"\/\/i.ytimg.com\/vi\/qUzIF4eYRkg\/hqdefault.jpg\" class=\"pL\"><div class=\"tC\"><div class=\"tT\"><\/div><\/div><div class=\"play\"><\/div><div class=\"ctrl\"><div class=\"Lctrl\"><\/div><div class=\"Rctrl\"><\/div><\/div><\/div><noscript><a href=\"https:\/\/youtu.be\/qUzIF4eYRkg\" rel=\"nofollow\"><img loading=\"lazy\" decoding=\"async\" src=\"https:\/\/i.ytimg.com\/vi\/qUzIF4eYRkg\/0.jpg\" alt=\"YouTube video thumbnail\" width=\"420\" height=\"295\" \/><br \/>Watch this video on YouTube<\/a><\/noscript><\/div><\/div><div class=\"lL\" style=\"max-width:100%;width:420px;margin:5px;\"><\/div><\/a><\/span><\/span><\/span><\/p>\n<h2>Yanqui, entonces<\/h2>\n<p><span style=\"color: #000000;\"><span style=\"font-family: 'Gill Sans MT Pro Book', sans-serif;\"><span style=\"font-size: medium;\">Por su parte, los ingleses contaban con el personaje de Father Christmas, que se vest\u00eda de verde o rojo con ribetes blancos. No tra\u00eda regalos, pero si mucho buen rollo, comida y bebida. Y como los ingleses quitaron la festividad de San Nicol\u00e1s del 6 de diciembre, movieron la celebraci\u00f3n a la Navidad, as\u00ed que ah\u00ed tenemos el origen de la fecha. Que, por cierto, la fecha viene de la fiesta del Sol Invencible de los romanos y fue el Papa Constantino, aproximadamente en el a\u00f1o 330, el que fij\u00f3 la fecha, porque con la cuesti\u00f3n de la fecha exacta de nacimiento de Jes\u00fas no parece haber acuerdo en la cuesti\u00f3n hist\u00f3rica. Se celebra y ya est\u00e1. En realidad el m\u00e9todo de c\u00e1lculo fue bastante chapucero: exist\u00eda la tradici\u00f3n jud\u00eda de creer que los profetas nac\u00edan y mor\u00edan el mismo d\u00eda del mes. Como s\u00ed cre\u00edan que hab\u00eda muerto un 25 de marzo, calcularon nueve meses despu\u00e9s y con esa fecha se qued\u00f3.<\/span><\/span><\/span><\/p>\n<h2><a href=\"https:\/\/pvgrkdwu.a2hosted.com\/esmentira\/wp-content\/uploads\/2013\/12\/IMG_8983-corrected-2013-small.jpg\"><img loading=\"lazy\" decoding=\"async\" class=\"aligncenter  wp-image-335\" alt=\"La leyenda de Pap\u00e1 Noel ha tenido mil versiones\" src=\"https:\/\/pvgrkdwu.a2hosted.com\/esmentira\/wp-content\/uploads\/2013\/12\/IMG_8983-corrected-2013-small-682x1024.jpg\" width=\"324\" height=\"486\" srcset=\"https:\/\/pvgrkdwu.a2hosted.com\/esmentira\/wp-content\/uploads\/2013\/12\/IMG_8983-corrected-2013-small-682x1024.jpg 682w, https:\/\/pvgrkdwu.a2hosted.com\/esmentira\/wp-content\/uploads\/2013\/12\/IMG_8983-corrected-2013-small-200x300.jpg 200w, https:\/\/pvgrkdwu.a2hosted.com\/esmentira\/wp-content\/uploads\/2013\/12\/IMG_8983-corrected-2013-small.jpg 800w\" sizes=\"auto, (max-width: 324px) 100vw, 324px\" \/><\/a><\/h2>\n<h2>Ingl\u00e9s. Vaticano<\/h2>\n<p><span style=\"font-family: 'Gill Sans MT Pro Book', sans-serif;\"><span style=\"font-size: medium;\"><span style=\"color: #000000;\">En definitiva, el pastiche de influencias, literatura y cultura popular que se mezcla en Pap\u00e1 Noel es, por decirlo as\u00ed, un galimat\u00edas en las que no es sencillo saber exactamente de d\u00f3nde viene cada rasgo del personaje. Eso s\u00ed, los ciervos son:<\/span><span style=\"color: #000000;\">Dasher, Dancer, Prancer, Vixen, Comet, Cupid, Dunder and Blixem (Dunder y Blixem ven\u00edan de los vocablos en holand\u00e9s antiguo para trueno y rel\u00e1mpago, pero las cambiaron despu\u00e9s por otras que sonaban m\u00e1s alemanas: Donner and Blitzen). <\/span><span style=\"color: #000000;\">Y luego est\u00e1, claro, Rudolph, el de la canci\u00f3n.\u00a0<a title=\"http:\/\/grooveshark.com\/s\/Rudolph+The+Red+Nosed+Reindeer\/4Iaka6?src=5\" href=\"http:\/\/grooveshark.com\/s\/Rudolph+The+Red+Nosed+Reindeer\/4Iaka6?src=5\">http:\/\/grooveshark.com\/s\/Rudolph+The+Red+Nosed+Reindeer\/4Iaka6?src=5<\/a><\/span><\/span><\/span><\/p>\n<p>Sergi Albir<\/p>\n<p>Esta colaboraci\u00f3n se emiti\u00f3 en &#8220;La Noche es para M\u00ed&#8221; en M80 el 25 de diciembre de 2013 a las 00:30 aprox.<\/p>\n","protected":false},"excerpt":{"rendered":"<p>Si hay un personaje navide\u00f1o por definici\u00f3n es Pap\u00e1 Noel. Pues, claro, no se libra en absoluto de la cuesti\u00f3n de las leyendas urbanas. Santa Claus es una fuente inagotable de l\u00edos, leyendas, historias y errores,\u00a0pr\u00e1cticamente el padre de todas las leyendas. Urbanas, rurales y de casi cualquier tipo. En general, el origen del personaje &hellip; <\/p>\n<p class=\"link-more\"><a href=\"https:\/\/pvgrkdwu.a2hosted.com\/esmentira\/la-leyenda-de-papa-noel-santa-claus-y-san-nicolas\/\" class=\"more-link\">Continue reading<span class=\"screen-reader-text\"> &#8220;La leyenda de Pap\u00e1 Noel, Santa Claus y San Nicol\u00e1s&#8221;<\/span><\/a><\/p>\n","protected":false},"author":1,"featured_media":342,"comment_status":"open","ping_status":"open","sticky":false,"template":"","format":"standard","meta":{"footnotes":""},"categories":[71],"tags":[101,100,99],"class_list":["post-331","post","type-post","status-publish","format-standard","has-post-thumbnail","hentry","category-leyenda-urbana-2","tag-papa-noel","tag-san-nicolas","tag-santa-claus"],"yoast_head":"<!-- This site is optimized with the Yoast SEO plugin v24.3 - https:\/\/yoast.com\/wordpress\/plugins\/seo\/ -->\n<title>La leyenda de Pap\u00e1 Noel, Santa Claus y San Nicol\u00e1s<\/title>\n<meta name=\"description\" content=\"La leyenda de Pap\u00e1 Noel, Santa Claus y San Nicol\u00e1s: un an\u00e1lisis sobre su origen.\" \/>\n<meta name=\"robots\" content=\"index, follow, max-snippet:-1, max-image-preview:large, max-video-preview:-1\" \/>\n<link rel=\"canonical\" href=\"https:\/\/pvgrkdwu.a2hosted.com\/esmentira\/la-leyenda-de-papa-noel-santa-claus-y-san-nicolas\/\" \/>\n<meta property=\"og:locale\" content=\"en_US\" \/>\n<meta property=\"og:type\" content=\"article\" \/>\n<meta property=\"og:title\" content=\"La leyenda de Pap\u00e1 Noel, Santa Claus y San Nicol\u00e1s\" \/>\n<meta property=\"og:description\" content=\"La leyenda de Pap\u00e1 Noel, Santa Claus y San Nicol\u00e1s: un an\u00e1lisis sobre su origen.\" \/>\n<meta property=\"og:url\" content=\"https:\/\/pvgrkdwu.a2hosted.com\/esmentira\/la-leyenda-de-papa-noel-santa-claus-y-san-nicolas\/\" \/>\n<meta property=\"og:site_name\" content=\"Es mentira\" \/>\n<meta property=\"article:publisher\" content=\"https:\/\/www.facebook.com\/JalalalaUniberzitate\/\" \/>\n<meta property=\"article:published_time\" content=\"2013-12-29T13:20:57+00:00\" \/>\n<meta property=\"og:image\" content=\"https:\/\/pvgrkdwu.a2hosted.com\/esmentira\/wp-content\/uploads\/2013\/12\/IMG_8948-corrected-2-2013-small.jpg\" \/>\n\t<meta property=\"og:image:width\" content=\"849\" \/>\n\t<meta property=\"og:image:height\" content=\"1200\" \/>\n\t<meta property=\"og:image:type\" content=\"image\/jpeg\" \/>\n<meta name=\"author\" content=\"admin\" \/>\n<meta name=\"twitter:label1\" content=\"Written by\" \/>\n\t<meta name=\"twitter:data1\" content=\"admin\" \/>\n\t<meta name=\"twitter:label2\" content=\"Est. reading time\" \/>\n\t<meta name=\"twitter:data2\" content=\"5 minutes\" \/>\n<script type=\"application\/ld+json\" class=\"yoast-schema-graph\">{\"@context\":\"https:\/\/schema.org\",\"@graph\":[{\"@type\":\"WebPage\",\"@id\":\"https:\/\/pvgrkdwu.a2hosted.com\/esmentira\/la-leyenda-de-papa-noel-santa-claus-y-san-nicolas\/\",\"url\":\"https:\/\/pvgrkdwu.a2hosted.com\/esmentira\/la-leyenda-de-papa-noel-santa-claus-y-san-nicolas\/\",\"name\":\"La leyenda de Pap\u00e1 Noel, Santa Claus y San Nicol\u00e1s\",\"isPartOf\":{\"@id\":\"https:\/\/pvgrkdwu.a2hosted.com\/esmentira\/#website\"},\"primaryImageOfPage\":{\"@id\":\"https:\/\/pvgrkdwu.a2hosted.com\/esmentira\/la-leyenda-de-papa-noel-santa-claus-y-san-nicolas\/#primaryimage\"},\"image\":{\"@id\":\"https:\/\/pvgrkdwu.a2hosted.com\/esmentira\/la-leyenda-de-papa-noel-santa-claus-y-san-nicolas\/#primaryimage\"},\"thumbnailUrl\":\"https:\/\/pvgrkdwu.a2hosted.com\/esmentira\/wp-content\/uploads\/2013\/12\/IMG_8948-corrected-2-2013-small.jpg\",\"datePublished\":\"2013-12-29T13:20:57+00:00\",\"dateModified\":\"2013-12-29T13:20:57+00:00\",\"author\":{\"@id\":\"https:\/\/pvgrkdwu.a2hosted.com\/esmentira\/#\/schema\/person\/74c8cf970f838682612a932262e8e921\"},\"description\":\"La leyenda de Pap\u00e1 Noel, Santa Claus y San Nicol\u00e1s: un an\u00e1lisis sobre su origen.\",\"inLanguage\":\"en-US\",\"potentialAction\":[{\"@type\":\"ReadAction\",\"target\":[\"https:\/\/pvgrkdwu.a2hosted.com\/esmentira\/la-leyenda-de-papa-noel-santa-claus-y-san-nicolas\/\"]}]},{\"@type\":\"ImageObject\",\"inLanguage\":\"en-US\",\"@id\":\"https:\/\/pvgrkdwu.a2hosted.com\/esmentira\/la-leyenda-de-papa-noel-santa-claus-y-san-nicolas\/#primaryimage\",\"url\":\"https:\/\/pvgrkdwu.a2hosted.com\/esmentira\/wp-content\/uploads\/2013\/12\/IMG_8948-corrected-2-2013-small.jpg\",\"contentUrl\":\"https:\/\/pvgrkdwu.a2hosted.com\/esmentira\/wp-content\/uploads\/2013\/12\/IMG_8948-corrected-2-2013-small.jpg\",\"width\":849,\"height\":1200,\"caption\":\"Santa Claus, San Nicol\u00e1s, Pap\u00e1 Noel...\"},{\"@type\":\"WebSite\",\"@id\":\"https:\/\/pvgrkdwu.a2hosted.com\/esmentira\/#website\",\"url\":\"https:\/\/pvgrkdwu.a2hosted.com\/esmentira\/\",\"name\":\"Es mentira\",\"description\":\"Desmintiendo bulos y rumores\",\"potentialAction\":[{\"@type\":\"SearchAction\",\"target\":{\"@type\":\"EntryPoint\",\"urlTemplate\":\"https:\/\/pvgrkdwu.a2hosted.com\/esmentira\/?s={search_term_string}\"},\"query-input\":{\"@type\":\"PropertyValueSpecification\",\"valueRequired\":true,\"valueName\":\"search_term_string\"}}],\"inLanguage\":\"en-US\"},{\"@type\":\"Person\",\"@id\":\"https:\/\/pvgrkdwu.a2hosted.com\/esmentira\/#\/schema\/person\/74c8cf970f838682612a932262e8e921\",\"name\":\"admin\",\"image\":{\"@type\":\"ImageObject\",\"inLanguage\":\"en-US\",\"@id\":\"https:\/\/pvgrkdwu.a2hosted.com\/esmentira\/#\/schema\/person\/image\/\",\"url\":\"https:\/\/secure.gravatar.com\/avatar\/78a69cc78fc35f1e13a9bca9f3fa80ee?s=96&d=mm&r=g\",\"contentUrl\":\"https:\/\/secure.gravatar.com\/avatar\/78a69cc78fc35f1e13a9bca9f3fa80ee?s=96&d=mm&r=g\",\"caption\":\"admin\"},\"sameAs\":[\"https:\/\/x.com\/Archerphoto\"]}]}<\/script>\n<!-- \/ Yoast SEO plugin. -->","yoast_head_json":{"title":"La leyenda de Pap\u00e1 Noel, Santa Claus y San Nicol\u00e1s","description":"La leyenda de Pap\u00e1 Noel, Santa Claus y San Nicol\u00e1s: un an\u00e1lisis sobre su origen.","robots":{"index":"index","follow":"follow","max-snippet":"max-snippet:-1","max-image-preview":"max-image-preview:large","max-video-preview":"max-video-preview:-1"},"canonical":"https:\/\/pvgrkdwu.a2hosted.com\/esmentira\/la-leyenda-de-papa-noel-santa-claus-y-san-nicolas\/","og_locale":"en_US","og_type":"article","og_title":"La leyenda de Pap\u00e1 Noel, Santa Claus y San Nicol\u00e1s","og_description":"La leyenda de Pap\u00e1 Noel, Santa Claus y San Nicol\u00e1s: un an\u00e1lisis sobre su origen.","og_url":"https:\/\/pvgrkdwu.a2hosted.com\/esmentira\/la-leyenda-de-papa-noel-santa-claus-y-san-nicolas\/","og_site_name":"Es mentira","article_publisher":"https:\/\/www.facebook.com\/JalalalaUniberzitate\/","article_published_time":"2013-12-29T13:20:57+00:00","og_image":[{"width":849,"height":1200,"url":"https:\/\/pvgrkdwu.a2hosted.com\/esmentira\/wp-content\/uploads\/2013\/12\/IMG_8948-corrected-2-2013-small.jpg","type":"image\/jpeg"}],"author":"admin","twitter_misc":{"Written by":"admin","Est. reading time":"5 minutes"},"schema":{"@context":"https:\/\/schema.org","@graph":[{"@type":"WebPage","@id":"https:\/\/pvgrkdwu.a2hosted.com\/esmentira\/la-leyenda-de-papa-noel-santa-claus-y-san-nicolas\/","url":"https:\/\/pvgrkdwu.a2hosted.com\/esmentira\/la-leyenda-de-papa-noel-santa-claus-y-san-nicolas\/","name":"La leyenda de Pap\u00e1 Noel, Santa Claus y San Nicol\u00e1s","isPartOf":{"@id":"https:\/\/pvgrkdwu.a2hosted.com\/esmentira\/#website"},"primaryImageOfPage":{"@id":"https:\/\/pvgrkdwu.a2hosted.com\/esmentira\/la-leyenda-de-papa-noel-santa-claus-y-san-nicolas\/#primaryimage"},"image":{"@id":"https:\/\/pvgrkdwu.a2hosted.com\/esmentira\/la-leyenda-de-papa-noel-santa-claus-y-san-nicolas\/#primaryimage"},"thumbnailUrl":"https:\/\/pvgrkdwu.a2hosted.com\/esmentira\/wp-content\/uploads\/2013\/12\/IMG_8948-corrected-2-2013-small.jpg","datePublished":"2013-12-29T13:20:57+00:00","dateModified":"2013-12-29T13:20:57+00:00","author":{"@id":"https:\/\/pvgrkdwu.a2hosted.com\/esmentira\/#\/schema\/person\/74c8cf970f838682612a932262e8e921"},"description":"La leyenda de Pap\u00e1 Noel, Santa Claus y San Nicol\u00e1s: un an\u00e1lisis sobre su origen.","inLanguage":"en-US","potentialAction":[{"@type":"ReadAction","target":["https:\/\/pvgrkdwu.a2hosted.com\/esmentira\/la-leyenda-de-papa-noel-santa-claus-y-san-nicolas\/"]}]},{"@type":"ImageObject","inLanguage":"en-US","@id":"https:\/\/pvgrkdwu.a2hosted.com\/esmentira\/la-leyenda-de-papa-noel-santa-claus-y-san-nicolas\/#primaryimage","url":"https:\/\/pvgrkdwu.a2hosted.com\/esmentira\/wp-content\/uploads\/2013\/12\/IMG_8948-corrected-2-2013-small.jpg","contentUrl":"https:\/\/pvgrkdwu.a2hosted.com\/esmentira\/wp-content\/uploads\/2013\/12\/IMG_8948-corrected-2-2013-small.jpg","width":849,"height":1200,"caption":"Santa Claus, San Nicol\u00e1s, Pap\u00e1 Noel..."},{"@type":"WebSite","@id":"https:\/\/pvgrkdwu.a2hosted.com\/esmentira\/#website","url":"https:\/\/pvgrkdwu.a2hosted.com\/esmentira\/","name":"Es mentira","description":"Desmintiendo bulos y rumores","potentialAction":[{"@type":"SearchAction","target":{"@type":"EntryPoint","urlTemplate":"https:\/\/pvgrkdwu.a2hosted.com\/esmentira\/?s={search_term_string}"},"query-input":{"@type":"PropertyValueSpecification","valueRequired":true,"valueName":"search_term_string"}}],"inLanguage":"en-US"},{"@type":"Person","@id":"https:\/\/pvgrkdwu.a2hosted.com\/esmentira\/#\/schema\/person\/74c8cf970f838682612a932262e8e921","name":"admin","image":{"@type":"ImageObject","inLanguage":"en-US","@id":"https:\/\/pvgrkdwu.a2hosted.com\/esmentira\/#\/schema\/person\/image\/","url":"https:\/\/secure.gravatar.com\/avatar\/78a69cc78fc35f1e13a9bca9f3fa80ee?s=96&d=mm&r=g","contentUrl":"https:\/\/secure.gravatar.com\/avatar\/78a69cc78fc35f1e13a9bca9f3fa80ee?s=96&d=mm&r=g","caption":"admin"},"sameAs":["https:\/\/x.com\/Archerphoto"]}]}},"_links":{"self":[{"href":"https:\/\/pvgrkdwu.a2hosted.com\/esmentira\/wp-json\/wp\/v2\/posts\/331","targetHints":{"allow":["GET"]}}],"collection":[{"href":"https:\/\/pvgrkdwu.a2hosted.com\/esmentira\/wp-json\/wp\/v2\/posts"}],"about":[{"href":"https:\/\/pvgrkdwu.a2hosted.com\/esmentira\/wp-json\/wp\/v2\/types\/post"}],"author":[{"embeddable":true,"href":"https:\/\/pvgrkdwu.a2hosted.com\/esmentira\/wp-json\/wp\/v2\/users\/1"}],"replies":[{"embeddable":true,"href":"https:\/\/pvgrkdwu.a2hosted.com\/esmentira\/wp-json\/wp\/v2\/comments?post=331"}],"version-history":[{"count":10,"href":"https:\/\/pvgrkdwu.a2hosted.com\/esmentira\/wp-json\/wp\/v2\/posts\/331\/revisions"}],"predecessor-version":[{"id":343,"href":"https:\/\/pvgrkdwu.a2hosted.com\/esmentira\/wp-json\/wp\/v2\/posts\/331\/revisions\/343"}],"wp:featuredmedia":[{"embeddable":true,"href":"https:\/\/pvgrkdwu.a2hosted.com\/esmentira\/wp-json\/wp\/v2\/media\/342"}],"wp:attachment":[{"href":"https:\/\/pvgrkdwu.a2hosted.com\/esmentira\/wp-json\/wp\/v2\/media?parent=331"}],"wp:term":[{"taxonomy":"category","embeddable":true,"href":"https:\/\/pvgrkdwu.a2hosted.com\/esmentira\/wp-json\/wp\/v2\/categories?post=331"},{"taxonomy":"post_tag","embeddable":true,"href":"https:\/\/pvgrkdwu.a2hosted.com\/esmentira\/wp-json\/wp\/v2\/tags?post=331"}],"curies":[{"name":"wp","href":"https:\/\/api.w.org\/{rel}","templated":true}]}}