{"id":310,"date":"2013-12-03T22:18:43","date_gmt":"2013-12-03T22:18:43","guid":{"rendered":"http:\/\/www.archerphoto.eu\/esmentira\/?p=310"},"modified":"2013-12-03T22:18:43","modified_gmt":"2013-12-03T22:18:43","slug":"phil-collins-y-la-leyenda-urbana-de-air-tonight","status":"publish","type":"post","link":"https:\/\/pvgrkdwu.a2hosted.com\/esmentira\/phil-collins-y-la-leyenda-urbana-de-air-tonight\/","title":{"rendered":"Phil Collins y la leyenda urbana de In the Air Tonight"},"content":{"rendered":"<p><span style=\"font-family: 'Aller Light';\"><span style=\"font-size: medium;\">La culpa se me estaba comiendo las entra\u00f1as. Venga remordimientos, y venga pasarlo mal&#8230; Como estamos en M80 y yo no hab\u00eda tra\u00eddo ni media leyenda urbana que tuviese que ver con la m\u00fasica, me ha venido a la cabeza una que me contaron a principios de los 90 y que tiene que ver, nada m\u00e1s ni nada menos que con Phil Collins.<\/span><\/span><\/p>\n<h2>Phil Collins y la leyenda urbana de In the Air Tonight<\/h2>\n<p><span style=\"font-family: 'Aller Light';\"><span style=\"font-size: medium;\">La canci\u00f3n fue todo un hit en el 81, en el Face Value, el primer disco en solitario de Collins, que ven\u00eda de Genesis, una banda de rock sinf\u00f3nico donde comenz\u00f3 como bater\u00eda y despu\u00e9s se turnaba en ese puesto y el de cantante. El disco tuvo mucho m\u00e1s \u00e9xito que los anteriores de la banda.<\/span><\/span><\/p>\n<p><span style=\"font-family: 'Aller Light';\"><span style=\"font-size: medium;\">La leyenda que anduvo dando vueltas consiste en que Phil Collins escribi\u00f3 In the Air Tonight despu\u00e9s de ver como un hombre se ahogaba. \u00c9l estaba demasiado lejos como para ofrecer ayuda, pero vio a otra persona sentada sin hacer nada en la orilla. Esa persona podr\u00eda haber alcanzado f\u00e1cilmente al nadador, pero ni siquiera lo intent\u00f3. A\u00f1os despu\u00e9s, tras un intensivo trabajo de b\u00fasqueda, Collins localiz\u00f3 al tipo de la orilla y le invit\u00f3 al concierto, ofreci\u00e9ndole un asiento en primera fila. Cuando fue a empezar la canci\u00f3n, con las dem\u00e1s luces apagadas, un foco lo ilumin\u00f3, y le cant\u00f3 directamente a \u00e9l para humillarlo p\u00fablicamente.<\/span><\/span><\/p>\n<p><iframe loading=\"lazy\" src=\"\/\/www.youtube.com\/embed\/YkADj0TPrJA?feature=player_detailpage\" height=\"360\" width=\"640\" allowfullscreen=\"\" frameborder=\"0\"><\/iframe><br \/>\n<span style=\"font-family: 'Aller Light';\"><span style=\"font-size: medium;\">Esto, claro, te lo cuentan en los 90 cuando no sabes nada de leyendas urbanas, y alucinas en 16 millones de colores. Y adem\u00e1s hab\u00eda diferentes versiones de la historia, claro, en las que el tipo, despu\u00e9s del concierto, se iba a casa y se ahorcaba, te impacta.<\/span><\/span><\/p>\n<p><span style=\"font-family: 'Aller Light';\"><span style=\"font-size: medium;\">Cuando adem\u00e1s, resulta que, por casualidades de la vida, yo hab\u00eda visto a Genesis en concierto y el chorrot\u00f3n de cosas que hac\u00edan con las luces era espectacular, pues te lo pod\u00edas tragar perfectamente.<\/span><\/span><\/p>\n<p><span style=\"font-family: 'Aller Light';\"><span style=\"font-size: medium;\">\u00bfPor qu\u00e9? Porque en medio de la canci\u00f3n hay un verso que dice <span style=\"color: #000000;\">\u00ab<\/span><span style=\"color: #000000;\"><i>Well if you told me you were drowning, I would not lend a hand<\/i><\/span><span style=\"color: #000000;\">\u00bb. <\/span><span style=\"color: #000000;\">\u201c<\/span><span style=\"color: #000000;\">Bueno, si me dijeras que te est\u00e1s ahogando, no te echar\u00eda una mano\u201d<\/span> Y claro, alguien se lo tom\u00f3 literalmente e invent\u00f3 la historia, que Collins explic\u00f3 en repetidas entrevistas que la leyenda era falsa. Phil Collins se ha caracterizado siempre por ser un t\u00edo bastante divertido y con pocos matices oscuros, aunque cuando escribi\u00f3 la canci\u00f3n estaba pasando por un divorcio que le estaba resultando bastante duro y se sent\u00eda deprimido, y de ah\u00ed el tono de la canci\u00f3n, pero no hab\u00eda ninguna historia con gente ahog\u00e1ndose ni parecido. Lo neg\u00f3 en el BBC World Service (la radio de la BBC).<\/span><\/span><\/p>\n<p><span style=\"font-family: 'Aller Light';\"><span style=\"font-size: medium;\">Hay un mont\u00f3n de versiones que implican violaciones, asesinatos, a su mujer, a su hermano, un adulterio, que si Collins estaba demasiado lejos, que si estaba demasiado borracho, que si estaba demasiado ciego, que si en vez de suicidarse, al tipo le deja la mujer y pierde el trabajo&#8230;<\/span><\/span><\/p>\n<p><span style=\"font-family: 'Aller Light';\"><span style=\"font-size: medium;\">En cualquier caso, por si no hubiese bastante empastre, Eminem dio por buena la historia y la comentaba en \u201cStan\u201d (en aquella en la que cantaba Dido). Pero vamos, que tampoco hay que darle mucha importancia porque ni siquiera consegu\u00eda decir bien el t\u00edtulo de la canci\u00f3n, le llamaba \u201cIn the Air of the Night\u201d (5:22 aprox).<\/span><\/span><\/p>\n<p><iframe loading=\"lazy\" src=\"\/\/www.youtube.com\/embed\/ZArieNY_Fvw?feature=player_detailpage\" height=\"360\" width=\"640\" allowfullscreen=\"\" frameborder=\"0\"><\/iframe><\/p>\n<p>Contamos esta historia en La Noche es para M\u00ed, en M80 con Miguel Coll el 3 de diciembre de 2013.<\/p>\n","protected":false},"excerpt":{"rendered":"<p>La culpa se me estaba comiendo las entra\u00f1as. Venga remordimientos, y venga pasarlo mal&#8230; Como estamos en M80 y yo no hab\u00eda tra\u00eddo ni media leyenda urbana que tuviese que ver con la m\u00fasica, me ha venido a la cabeza una que me contaron a principios de los 90 y que tiene que ver, nada &hellip; <\/p>\n<p class=\"link-more\"><a href=\"https:\/\/pvgrkdwu.a2hosted.com\/esmentira\/phil-collins-y-la-leyenda-urbana-de-air-tonight\/\" class=\"more-link\">Continue reading<span class=\"screen-reader-text\"> &#8220;Phil Collins y la leyenda urbana de In the Air Tonight&#8221;<\/span><\/a><\/p>\n","protected":false},"author":1,"featured_media":0,"comment_status":"open","ping_status":"open","sticky":false,"template":"","format":"standard","meta":{"footnotes":""},"categories":[71],"tags":[89,90,88],"class_list":["post-310","post","type-post","status-publish","format-standard","hentry","category-leyenda-urbana-2","tag-in-the-air-tonight","tag-la-noche-es-para-mi","tag-phil-collins"],"yoast_head":"<!-- This site is optimized with the Yoast SEO plugin v24.3 - https:\/\/yoast.com\/wordpress\/plugins\/seo\/ -->\n<title>Phil Collins y la leyenda urbana de In the Air Tonight<\/title>\n<meta name=\"description\" content=\"Phil Collins y la leyenda urbana de In the Air Tonight. Un cl\u00e1sico que fue corriendo por el mundo y que vuelve a surgir cada vez que Collins visita Am\u00e9rica.\" \/>\n<meta name=\"robots\" content=\"index, follow, max-snippet:-1, max-image-preview:large, max-video-preview:-1\" \/>\n<link rel=\"canonical\" href=\"https:\/\/pvgrkdwu.a2hosted.com\/esmentira\/phil-collins-y-la-leyenda-urbana-de-air-tonight\/\" \/>\n<meta property=\"og:locale\" content=\"en_US\" \/>\n<meta property=\"og:type\" content=\"article\" \/>\n<meta property=\"og:title\" content=\"Phil Collins y la leyenda urbana de In the Air Tonight\" \/>\n<meta property=\"og:description\" content=\"Phil Collins y la leyenda urbana de In the Air Tonight. Un cl\u00e1sico que fue corriendo por el mundo y que vuelve a surgir cada vez que Collins visita Am\u00e9rica.\" \/>\n<meta property=\"og:url\" content=\"https:\/\/pvgrkdwu.a2hosted.com\/esmentira\/phil-collins-y-la-leyenda-urbana-de-air-tonight\/\" \/>\n<meta property=\"og:site_name\" content=\"Es mentira\" \/>\n<meta property=\"article:publisher\" content=\"https:\/\/www.facebook.com\/JalalalaUniberzitate\/\" \/>\n<meta property=\"article:published_time\" content=\"2013-12-03T22:18:43+00:00\" \/>\n<meta name=\"author\" content=\"admin\" \/>\n<meta name=\"twitter:label1\" content=\"Written by\" \/>\n\t<meta name=\"twitter:data1\" content=\"admin\" \/>\n\t<meta name=\"twitter:label2\" content=\"Est. reading time\" \/>\n\t<meta name=\"twitter:data2\" content=\"3 minutes\" \/>\n<script type=\"application\/ld+json\" class=\"yoast-schema-graph\">{\"@context\":\"https:\/\/schema.org\",\"@graph\":[{\"@type\":\"WebPage\",\"@id\":\"https:\/\/pvgrkdwu.a2hosted.com\/esmentira\/phil-collins-y-la-leyenda-urbana-de-air-tonight\/\",\"url\":\"https:\/\/pvgrkdwu.a2hosted.com\/esmentira\/phil-collins-y-la-leyenda-urbana-de-air-tonight\/\",\"name\":\"Phil Collins y la leyenda urbana de In the Air Tonight\",\"isPartOf\":{\"@id\":\"https:\/\/pvgrkdwu.a2hosted.com\/esmentira\/#website\"},\"datePublished\":\"2013-12-03T22:18:43+00:00\",\"dateModified\":\"2013-12-03T22:18:43+00:00\",\"author\":{\"@id\":\"https:\/\/pvgrkdwu.a2hosted.com\/esmentira\/#\/schema\/person\/74c8cf970f838682612a932262e8e921\"},\"description\":\"Phil Collins y la leyenda urbana de In the Air Tonight. Un cl\u00e1sico que fue corriendo por el mundo y que vuelve a surgir cada vez que Collins visita Am\u00e9rica.\",\"inLanguage\":\"en-US\",\"potentialAction\":[{\"@type\":\"ReadAction\",\"target\":[\"https:\/\/pvgrkdwu.a2hosted.com\/esmentira\/phil-collins-y-la-leyenda-urbana-de-air-tonight\/\"]}]},{\"@type\":\"WebSite\",\"@id\":\"https:\/\/pvgrkdwu.a2hosted.com\/esmentira\/#website\",\"url\":\"https:\/\/pvgrkdwu.a2hosted.com\/esmentira\/\",\"name\":\"Es mentira\",\"description\":\"Desmintiendo bulos y rumores\",\"potentialAction\":[{\"@type\":\"SearchAction\",\"target\":{\"@type\":\"EntryPoint\",\"urlTemplate\":\"https:\/\/pvgrkdwu.a2hosted.com\/esmentira\/?s={search_term_string}\"},\"query-input\":{\"@type\":\"PropertyValueSpecification\",\"valueRequired\":true,\"valueName\":\"search_term_string\"}}],\"inLanguage\":\"en-US\"},{\"@type\":\"Person\",\"@id\":\"https:\/\/pvgrkdwu.a2hosted.com\/esmentira\/#\/schema\/person\/74c8cf970f838682612a932262e8e921\",\"name\":\"admin\",\"image\":{\"@type\":\"ImageObject\",\"inLanguage\":\"en-US\",\"@id\":\"https:\/\/pvgrkdwu.a2hosted.com\/esmentira\/#\/schema\/person\/image\/\",\"url\":\"https:\/\/secure.gravatar.com\/avatar\/78a69cc78fc35f1e13a9bca9f3fa80ee?s=96&d=mm&r=g\",\"contentUrl\":\"https:\/\/secure.gravatar.com\/avatar\/78a69cc78fc35f1e13a9bca9f3fa80ee?s=96&d=mm&r=g\",\"caption\":\"admin\"},\"sameAs\":[\"https:\/\/x.com\/Archerphoto\"]}]}<\/script>\n<!-- \/ Yoast SEO plugin. -->","yoast_head_json":{"title":"Phil Collins y la leyenda urbana de In the Air Tonight","description":"Phil Collins y la leyenda urbana de In the Air Tonight. Un cl\u00e1sico que fue corriendo por el mundo y que vuelve a surgir cada vez que Collins visita Am\u00e9rica.","robots":{"index":"index","follow":"follow","max-snippet":"max-snippet:-1","max-image-preview":"max-image-preview:large","max-video-preview":"max-video-preview:-1"},"canonical":"https:\/\/pvgrkdwu.a2hosted.com\/esmentira\/phil-collins-y-la-leyenda-urbana-de-air-tonight\/","og_locale":"en_US","og_type":"article","og_title":"Phil Collins y la leyenda urbana de In the Air Tonight","og_description":"Phil Collins y la leyenda urbana de In the Air Tonight. Un cl\u00e1sico que fue corriendo por el mundo y que vuelve a surgir cada vez que Collins visita Am\u00e9rica.","og_url":"https:\/\/pvgrkdwu.a2hosted.com\/esmentira\/phil-collins-y-la-leyenda-urbana-de-air-tonight\/","og_site_name":"Es mentira","article_publisher":"https:\/\/www.facebook.com\/JalalalaUniberzitate\/","article_published_time":"2013-12-03T22:18:43+00:00","author":"admin","twitter_misc":{"Written by":"admin","Est. reading time":"3 minutes"},"schema":{"@context":"https:\/\/schema.org","@graph":[{"@type":"WebPage","@id":"https:\/\/pvgrkdwu.a2hosted.com\/esmentira\/phil-collins-y-la-leyenda-urbana-de-air-tonight\/","url":"https:\/\/pvgrkdwu.a2hosted.com\/esmentira\/phil-collins-y-la-leyenda-urbana-de-air-tonight\/","name":"Phil Collins y la leyenda urbana de In the Air Tonight","isPartOf":{"@id":"https:\/\/pvgrkdwu.a2hosted.com\/esmentira\/#website"},"datePublished":"2013-12-03T22:18:43+00:00","dateModified":"2013-12-03T22:18:43+00:00","author":{"@id":"https:\/\/pvgrkdwu.a2hosted.com\/esmentira\/#\/schema\/person\/74c8cf970f838682612a932262e8e921"},"description":"Phil Collins y la leyenda urbana de In the Air Tonight. Un cl\u00e1sico que fue corriendo por el mundo y que vuelve a surgir cada vez que Collins visita Am\u00e9rica.","inLanguage":"en-US","potentialAction":[{"@type":"ReadAction","target":["https:\/\/pvgrkdwu.a2hosted.com\/esmentira\/phil-collins-y-la-leyenda-urbana-de-air-tonight\/"]}]},{"@type":"WebSite","@id":"https:\/\/pvgrkdwu.a2hosted.com\/esmentira\/#website","url":"https:\/\/pvgrkdwu.a2hosted.com\/esmentira\/","name":"Es mentira","description":"Desmintiendo bulos y rumores","potentialAction":[{"@type":"SearchAction","target":{"@type":"EntryPoint","urlTemplate":"https:\/\/pvgrkdwu.a2hosted.com\/esmentira\/?s={search_term_string}"},"query-input":{"@type":"PropertyValueSpecification","valueRequired":true,"valueName":"search_term_string"}}],"inLanguage":"en-US"},{"@type":"Person","@id":"https:\/\/pvgrkdwu.a2hosted.com\/esmentira\/#\/schema\/person\/74c8cf970f838682612a932262e8e921","name":"admin","image":{"@type":"ImageObject","inLanguage":"en-US","@id":"https:\/\/pvgrkdwu.a2hosted.com\/esmentira\/#\/schema\/person\/image\/","url":"https:\/\/secure.gravatar.com\/avatar\/78a69cc78fc35f1e13a9bca9f3fa80ee?s=96&d=mm&r=g","contentUrl":"https:\/\/secure.gravatar.com\/avatar\/78a69cc78fc35f1e13a9bca9f3fa80ee?s=96&d=mm&r=g","caption":"admin"},"sameAs":["https:\/\/x.com\/Archerphoto"]}]}},"_links":{"self":[{"href":"https:\/\/pvgrkdwu.a2hosted.com\/esmentira\/wp-json\/wp\/v2\/posts\/310","targetHints":{"allow":["GET"]}}],"collection":[{"href":"https:\/\/pvgrkdwu.a2hosted.com\/esmentira\/wp-json\/wp\/v2\/posts"}],"about":[{"href":"https:\/\/pvgrkdwu.a2hosted.com\/esmentira\/wp-json\/wp\/v2\/types\/post"}],"author":[{"embeddable":true,"href":"https:\/\/pvgrkdwu.a2hosted.com\/esmentira\/wp-json\/wp\/v2\/users\/1"}],"replies":[{"embeddable":true,"href":"https:\/\/pvgrkdwu.a2hosted.com\/esmentira\/wp-json\/wp\/v2\/comments?post=310"}],"version-history":[{"count":6,"href":"https:\/\/pvgrkdwu.a2hosted.com\/esmentira\/wp-json\/wp\/v2\/posts\/310\/revisions"}],"predecessor-version":[{"id":316,"href":"https:\/\/pvgrkdwu.a2hosted.com\/esmentira\/wp-json\/wp\/v2\/posts\/310\/revisions\/316"}],"wp:attachment":[{"href":"https:\/\/pvgrkdwu.a2hosted.com\/esmentira\/wp-json\/wp\/v2\/media?parent=310"}],"wp:term":[{"taxonomy":"category","embeddable":true,"href":"https:\/\/pvgrkdwu.a2hosted.com\/esmentira\/wp-json\/wp\/v2\/categories?post=310"},{"taxonomy":"post_tag","embeddable":true,"href":"https:\/\/pvgrkdwu.a2hosted.com\/esmentira\/wp-json\/wp\/v2\/tags?post=310"}],"curies":[{"name":"wp","href":"https:\/\/api.w.org\/{rel}","templated":true}]}}