{"id":1063,"date":"2020-03-15T11:56:58","date_gmt":"2020-03-15T11:56:58","guid":{"rendered":"http:\/\/www.archerphoto.eu\/esmentira\/?p=1063"},"modified":"2020-03-15T20:50:46","modified_gmt":"2020-03-15T20:50:46","slug":"el-comunicado-falso-sobre-el-estado-de-alarma","status":"publish","type":"post","link":"https:\/\/pvgrkdwu.a2hosted.com\/esmentira\/el-comunicado-falso-sobre-el-estado-de-alarma\/","title":{"rendered":"El comunicado falso sobre el estado de alarma"},"content":{"rendered":"\n<p>Ha aparecido el d\u00eda 15 de marzo de 2020 un comunicado que alguien podr\u00eda tomar como cierto describiendo el estado de alarma que se ha decretado para paliar los problemas del coronavirus COVID-19. Se trata de una burda falsificaci\u00f3n, porque el decreto es mucho m\u00e1s largo, correctamente redactado y, aunque en muchos casos habr\u00e1 sanciones, estar\u00e1n determinadas por el ordenamiento legal vigente. Pueden verse con m\u00e1s detalle en este art\u00edculo de <a href=\"https:\/\/www.lasprovincias.es\/sociedad\/multas-estado-alarma-20200315074823-nt.html\">Las Provincias<\/a>.<\/p>\n\n\n\n<p>La cuesti\u00f3n de las sanciones es bastante extensa y est\u00e1 relacionada con mucha legislaci\u00f3n previa, en la que se incluyen leyes como la  Ley 17\/2015, de 9 de julio, del Sistema Nacional de Protecci\u00f3n Civil , la\u00a0Ley Org\u00e1nica 4\/1981, de 1 de junio, la Ley de Seguridad Ciudadana o la Ley de Seguridad P\u00fablica. S\u00ed est\u00e1 muy especificado en la legislaci\u00f3n espa\u00f1ola, no se trata de nada arbitrario. <\/p>\n\n\n\n<figure class=\"wp-block-image size-large\"><img loading=\"lazy\" decoding=\"async\" width=\"600\" height=\"912\" src=\"https:\/\/pvgrkdwu.a2hosted.com\/esmentira\/wp-content\/uploads\/2020\/03\/mensaje-falso-presidencia-del-gobierno-4.jpg\" alt=\"\" class=\"wp-image-1070\" srcset=\"https:\/\/pvgrkdwu.a2hosted.com\/esmentira\/wp-content\/uploads\/2020\/03\/mensaje-falso-presidencia-del-gobierno-4.jpg 600w, https:\/\/pvgrkdwu.a2hosted.com\/esmentira\/wp-content\/uploads\/2020\/03\/mensaje-falso-presidencia-del-gobierno-4-197x300.jpg 197w\" sizes=\"auto, (max-width: 600px) 100vw, 600px\" \/><\/figure>\n\n\n\n<p>Como detallo en el gr\u00e1fico, hay una multitud de fallos. Desde la tilde en el apellido del gobierno hasta la invenci\u00f3n de un &#8220;Ministerio de Gobierno&#8221; a las sanciones inventadas, as\u00ed como las incorrecciones en la redacci\u00f3n y otros detalles.<\/p>\n\n\n\n<p>A pesar de que es muy probable que se apliquen sanciones a los que incumplan este estado de alarma, el comunicado es estrictamente falso.  Es muy probable que la intenci\u00f3n de la persona que ha lanzado este comunicado falso sea la de conseguir que la gente se quede en casa y piense que est\u00e1 ayudando. Como dicen, el camino al infierno est\u00e1 alfombrado de buenas intenciones. <\/p>\n\n\n\n<p>El gobierno ya desminti\u00f3 recientemente otra informaci\u00f3n falsa en la que se afirmaba el cierre de Pa\u00eds Vasco, Rioja y Madrid por el coronavirus. Hay m\u00e1s informaci\u00f3n aqu\u00ed:  <a href=\"https:\/\/www.europapress.es\/nacional\/noticia-gobierno-desmiente-bulo-cierre-madrid-rioja-pais-vasco-ejercito-20200314124438.html\">https:\/\/www.europapress.es\/nacional\/noticia-gobierno-desmiente-bulo-cierre-madrid-rioja-pais-vasco-ejercito-20200314124438.html<\/a> <\/p>\n\n\n\n<p>Por favor, cuando detect\u00e9is que hab\u00e9is compartido una informaci\u00f3n falsa, eliminadla. As\u00ed contribuiremos a que la informaci\u00f3n disponible sea lo m\u00e1s clara y fiable posible.<\/p>\n\n\n\n<p><a href=\"https:\/\/pvgrkdwu.a2hosted.com\/esmentira\/bulos-sobre-el-coronavirus-covid-19\/\">M\u00e1s bulos relacionados con el coronavirus<\/a>.<\/p>\n","protected":false},"excerpt":{"rendered":"<p>Ha aparecido el d\u00eda 15 de marzo de 2020 un comunicado que alguien podr\u00eda tomar como cierto describiendo el estado de alarma que se ha decretado para paliar los problemas del coronavirus COVID-19. Se trata de una burda falsificaci\u00f3n, porque el decreto es mucho m\u00e1s largo, correctamente redactado y, aunque en muchos casos habr\u00e1 sanciones, &hellip; <\/p>\n<p class=\"link-more\"><a href=\"https:\/\/pvgrkdwu.a2hosted.com\/esmentira\/el-comunicado-falso-sobre-el-estado-de-alarma\/\" class=\"more-link\">Continue reading<span class=\"screen-reader-text\"> &#8220;El comunicado falso sobre el estado de alarma&#8221;<\/span><\/a><\/p>\n","protected":false},"author":1,"featured_media":1072,"comment_status":"open","ping_status":"open","sticky":false,"template":"","format":"standard","meta":{"footnotes":""},"categories":[1],"tags":[],"class_list":["post-1063","post","type-post","status-publish","format-standard","has-post-thumbnail","hentry","category-uncategorized"],"yoast_head":"<!-- This site is optimized with the Yoast SEO plugin v24.3 - https:\/\/yoast.com\/wordpress\/plugins\/seo\/ -->\n<title>El comunicado falso sobre el estado de alarma - Es mentira<\/title>\n<meta name=\"description\" content=\"Analizando con un poco de cuidado el comunicado falso sobre el estado de alarma. Es evidente que es m\u00e1s falso que un euro de madera.\" \/>\n<meta name=\"robots\" content=\"index, follow, max-snippet:-1, max-image-preview:large, max-video-preview:-1\" \/>\n<link rel=\"canonical\" href=\"https:\/\/pvgrkdwu.a2hosted.com\/esmentira\/el-comunicado-falso-sobre-el-estado-de-alarma\/\" \/>\n<meta property=\"og:locale\" content=\"en_US\" \/>\n<meta property=\"og:type\" content=\"article\" \/>\n<meta property=\"og:title\" content=\"El comunicado falso sobre el estado de alarma - Es mentira\" \/>\n<meta property=\"og:description\" content=\"Analizando con un poco de cuidado el comunicado falso sobre el estado de alarma. Es evidente que es m\u00e1s falso que un euro de madera.\" \/>\n<meta property=\"og:url\" content=\"https:\/\/pvgrkdwu.a2hosted.com\/esmentira\/el-comunicado-falso-sobre-el-estado-de-alarma\/\" \/>\n<meta property=\"og:site_name\" content=\"Es mentira\" \/>\n<meta property=\"article:publisher\" content=\"https:\/\/www.facebook.com\/JalalalaUniberzitate\/\" \/>\n<meta property=\"article:published_time\" content=\"2020-03-15T11:56:58+00:00\" \/>\n<meta property=\"article:modified_time\" content=\"2020-03-15T20:50:46+00:00\" \/>\n<meta property=\"og:image\" content=\"https:\/\/pvgrkdwu.a2hosted.com\/esmentira\/wp-content\/uploads\/2020\/03\/comunicado-falso-de-presidencia-del-gobierno-cabecera.jpg\" \/>\n\t<meta property=\"og:image:width\" content=\"2000\" \/>\n\t<meta property=\"og:image:height\" content=\"1200\" \/>\n\t<meta property=\"og:image:type\" content=\"image\/jpeg\" \/>\n<meta name=\"author\" content=\"admin\" \/>\n<meta name=\"twitter:label1\" content=\"Written by\" \/>\n\t<meta name=\"twitter:data1\" content=\"admin\" \/>\n\t<meta name=\"twitter:label2\" content=\"Est. reading time\" \/>\n\t<meta name=\"twitter:data2\" content=\"2 minutes\" \/>\n<script type=\"application\/ld+json\" class=\"yoast-schema-graph\">{\"@context\":\"https:\/\/schema.org\",\"@graph\":[{\"@type\":\"WebPage\",\"@id\":\"https:\/\/pvgrkdwu.a2hosted.com\/esmentira\/el-comunicado-falso-sobre-el-estado-de-alarma\/\",\"url\":\"https:\/\/pvgrkdwu.a2hosted.com\/esmentira\/el-comunicado-falso-sobre-el-estado-de-alarma\/\",\"name\":\"El comunicado falso sobre el estado de alarma - Es mentira\",\"isPartOf\":{\"@id\":\"https:\/\/pvgrkdwu.a2hosted.com\/esmentira\/#website\"},\"primaryImageOfPage\":{\"@id\":\"https:\/\/pvgrkdwu.a2hosted.com\/esmentira\/el-comunicado-falso-sobre-el-estado-de-alarma\/#primaryimage\"},\"image\":{\"@id\":\"https:\/\/pvgrkdwu.a2hosted.com\/esmentira\/el-comunicado-falso-sobre-el-estado-de-alarma\/#primaryimage\"},\"thumbnailUrl\":\"https:\/\/pvgrkdwu.a2hosted.com\/esmentira\/wp-content\/uploads\/2020\/03\/comunicado-falso-de-presidencia-del-gobierno-cabecera.jpg\",\"datePublished\":\"2020-03-15T11:56:58+00:00\",\"dateModified\":\"2020-03-15T20:50:46+00:00\",\"author\":{\"@id\":\"https:\/\/pvgrkdwu.a2hosted.com\/esmentira\/#\/schema\/person\/74c8cf970f838682612a932262e8e921\"},\"description\":\"Analizando con un poco de cuidado el comunicado falso sobre el estado de alarma. Es evidente que es m\u00e1s falso que un euro de madera.\",\"inLanguage\":\"en-US\",\"potentialAction\":[{\"@type\":\"ReadAction\",\"target\":[\"https:\/\/pvgrkdwu.a2hosted.com\/esmentira\/el-comunicado-falso-sobre-el-estado-de-alarma\/\"]}]},{\"@type\":\"ImageObject\",\"inLanguage\":\"en-US\",\"@id\":\"https:\/\/pvgrkdwu.a2hosted.com\/esmentira\/el-comunicado-falso-sobre-el-estado-de-alarma\/#primaryimage\",\"url\":\"https:\/\/pvgrkdwu.a2hosted.com\/esmentira\/wp-content\/uploads\/2020\/03\/comunicado-falso-de-presidencia-del-gobierno-cabecera.jpg\",\"contentUrl\":\"https:\/\/pvgrkdwu.a2hosted.com\/esmentira\/wp-content\/uploads\/2020\/03\/comunicado-falso-de-presidencia-del-gobierno-cabecera.jpg\",\"width\":2000,\"height\":1200,\"caption\":\"Comunicado falso de presidencia del gobierno cabecera\"},{\"@type\":\"WebSite\",\"@id\":\"https:\/\/pvgrkdwu.a2hosted.com\/esmentira\/#website\",\"url\":\"https:\/\/pvgrkdwu.a2hosted.com\/esmentira\/\",\"name\":\"Es mentira\",\"description\":\"Desmintiendo bulos y rumores\",\"potentialAction\":[{\"@type\":\"SearchAction\",\"target\":{\"@type\":\"EntryPoint\",\"urlTemplate\":\"https:\/\/pvgrkdwu.a2hosted.com\/esmentira\/?s={search_term_string}\"},\"query-input\":{\"@type\":\"PropertyValueSpecification\",\"valueRequired\":true,\"valueName\":\"search_term_string\"}}],\"inLanguage\":\"en-US\"},{\"@type\":\"Person\",\"@id\":\"https:\/\/pvgrkdwu.a2hosted.com\/esmentira\/#\/schema\/person\/74c8cf970f838682612a932262e8e921\",\"name\":\"admin\",\"image\":{\"@type\":\"ImageObject\",\"inLanguage\":\"en-US\",\"@id\":\"https:\/\/pvgrkdwu.a2hosted.com\/esmentira\/#\/schema\/person\/image\/\",\"url\":\"https:\/\/secure.gravatar.com\/avatar\/78a69cc78fc35f1e13a9bca9f3fa80ee?s=96&d=mm&r=g\",\"contentUrl\":\"https:\/\/secure.gravatar.com\/avatar\/78a69cc78fc35f1e13a9bca9f3fa80ee?s=96&d=mm&r=g\",\"caption\":\"admin\"},\"sameAs\":[\"https:\/\/x.com\/Archerphoto\"]}]}<\/script>\n<!-- \/ Yoast SEO plugin. -->","yoast_head_json":{"title":"El comunicado falso sobre el estado de alarma - Es mentira","description":"Analizando con un poco de cuidado el comunicado falso sobre el estado de alarma. Es evidente que es m\u00e1s falso que un euro de madera.","robots":{"index":"index","follow":"follow","max-snippet":"max-snippet:-1","max-image-preview":"max-image-preview:large","max-video-preview":"max-video-preview:-1"},"canonical":"https:\/\/pvgrkdwu.a2hosted.com\/esmentira\/el-comunicado-falso-sobre-el-estado-de-alarma\/","og_locale":"en_US","og_type":"article","og_title":"El comunicado falso sobre el estado de alarma - Es mentira","og_description":"Analizando con un poco de cuidado el comunicado falso sobre el estado de alarma. Es evidente que es m\u00e1s falso que un euro de madera.","og_url":"https:\/\/pvgrkdwu.a2hosted.com\/esmentira\/el-comunicado-falso-sobre-el-estado-de-alarma\/","og_site_name":"Es mentira","article_publisher":"https:\/\/www.facebook.com\/JalalalaUniberzitate\/","article_published_time":"2020-03-15T11:56:58+00:00","article_modified_time":"2020-03-15T20:50:46+00:00","og_image":[{"width":2000,"height":1200,"url":"https:\/\/pvgrkdwu.a2hosted.com\/esmentira\/wp-content\/uploads\/2020\/03\/comunicado-falso-de-presidencia-del-gobierno-cabecera.jpg","type":"image\/jpeg"}],"author":"admin","twitter_misc":{"Written by":"admin","Est. reading time":"2 minutes"},"schema":{"@context":"https:\/\/schema.org","@graph":[{"@type":"WebPage","@id":"https:\/\/pvgrkdwu.a2hosted.com\/esmentira\/el-comunicado-falso-sobre-el-estado-de-alarma\/","url":"https:\/\/pvgrkdwu.a2hosted.com\/esmentira\/el-comunicado-falso-sobre-el-estado-de-alarma\/","name":"El comunicado falso sobre el estado de alarma - Es mentira","isPartOf":{"@id":"https:\/\/pvgrkdwu.a2hosted.com\/esmentira\/#website"},"primaryImageOfPage":{"@id":"https:\/\/pvgrkdwu.a2hosted.com\/esmentira\/el-comunicado-falso-sobre-el-estado-de-alarma\/#primaryimage"},"image":{"@id":"https:\/\/pvgrkdwu.a2hosted.com\/esmentira\/el-comunicado-falso-sobre-el-estado-de-alarma\/#primaryimage"},"thumbnailUrl":"https:\/\/pvgrkdwu.a2hosted.com\/esmentira\/wp-content\/uploads\/2020\/03\/comunicado-falso-de-presidencia-del-gobierno-cabecera.jpg","datePublished":"2020-03-15T11:56:58+00:00","dateModified":"2020-03-15T20:50:46+00:00","author":{"@id":"https:\/\/pvgrkdwu.a2hosted.com\/esmentira\/#\/schema\/person\/74c8cf970f838682612a932262e8e921"},"description":"Analizando con un poco de cuidado el comunicado falso sobre el estado de alarma. Es evidente que es m\u00e1s falso que un euro de madera.","inLanguage":"en-US","potentialAction":[{"@type":"ReadAction","target":["https:\/\/pvgrkdwu.a2hosted.com\/esmentira\/el-comunicado-falso-sobre-el-estado-de-alarma\/"]}]},{"@type":"ImageObject","inLanguage":"en-US","@id":"https:\/\/pvgrkdwu.a2hosted.com\/esmentira\/el-comunicado-falso-sobre-el-estado-de-alarma\/#primaryimage","url":"https:\/\/pvgrkdwu.a2hosted.com\/esmentira\/wp-content\/uploads\/2020\/03\/comunicado-falso-de-presidencia-del-gobierno-cabecera.jpg","contentUrl":"https:\/\/pvgrkdwu.a2hosted.com\/esmentira\/wp-content\/uploads\/2020\/03\/comunicado-falso-de-presidencia-del-gobierno-cabecera.jpg","width":2000,"height":1200,"caption":"Comunicado falso de presidencia del gobierno cabecera"},{"@type":"WebSite","@id":"https:\/\/pvgrkdwu.a2hosted.com\/esmentira\/#website","url":"https:\/\/pvgrkdwu.a2hosted.com\/esmentira\/","name":"Es mentira","description":"Desmintiendo bulos y rumores","potentialAction":[{"@type":"SearchAction","target":{"@type":"EntryPoint","urlTemplate":"https:\/\/pvgrkdwu.a2hosted.com\/esmentira\/?s={search_term_string}"},"query-input":{"@type":"PropertyValueSpecification","valueRequired":true,"valueName":"search_term_string"}}],"inLanguage":"en-US"},{"@type":"Person","@id":"https:\/\/pvgrkdwu.a2hosted.com\/esmentira\/#\/schema\/person\/74c8cf970f838682612a932262e8e921","name":"admin","image":{"@type":"ImageObject","inLanguage":"en-US","@id":"https:\/\/pvgrkdwu.a2hosted.com\/esmentira\/#\/schema\/person\/image\/","url":"https:\/\/secure.gravatar.com\/avatar\/78a69cc78fc35f1e13a9bca9f3fa80ee?s=96&d=mm&r=g","contentUrl":"https:\/\/secure.gravatar.com\/avatar\/78a69cc78fc35f1e13a9bca9f3fa80ee?s=96&d=mm&r=g","caption":"admin"},"sameAs":["https:\/\/x.com\/Archerphoto"]}]}},"_links":{"self":[{"href":"https:\/\/pvgrkdwu.a2hosted.com\/esmentira\/wp-json\/wp\/v2\/posts\/1063","targetHints":{"allow":["GET"]}}],"collection":[{"href":"https:\/\/pvgrkdwu.a2hosted.com\/esmentira\/wp-json\/wp\/v2\/posts"}],"about":[{"href":"https:\/\/pvgrkdwu.a2hosted.com\/esmentira\/wp-json\/wp\/v2\/types\/post"}],"author":[{"embeddable":true,"href":"https:\/\/pvgrkdwu.a2hosted.com\/esmentira\/wp-json\/wp\/v2\/users\/1"}],"replies":[{"embeddable":true,"href":"https:\/\/pvgrkdwu.a2hosted.com\/esmentira\/wp-json\/wp\/v2\/comments?post=1063"}],"version-history":[{"count":5,"href":"https:\/\/pvgrkdwu.a2hosted.com\/esmentira\/wp-json\/wp\/v2\/posts\/1063\/revisions"}],"predecessor-version":[{"id":1075,"href":"https:\/\/pvgrkdwu.a2hosted.com\/esmentira\/wp-json\/wp\/v2\/posts\/1063\/revisions\/1075"}],"wp:featuredmedia":[{"embeddable":true,"href":"https:\/\/pvgrkdwu.a2hosted.com\/esmentira\/wp-json\/wp\/v2\/media\/1072"}],"wp:attachment":[{"href":"https:\/\/pvgrkdwu.a2hosted.com\/esmentira\/wp-json\/wp\/v2\/media?parent=1063"}],"wp:term":[{"taxonomy":"category","embeddable":true,"href":"https:\/\/pvgrkdwu.a2hosted.com\/esmentira\/wp-json\/wp\/v2\/categories?post=1063"},{"taxonomy":"post_tag","embeddable":true,"href":"https:\/\/pvgrkdwu.a2hosted.com\/esmentira\/wp-json\/wp\/v2\/tags?post=1063"}],"curies":[{"name":"wp","href":"https:\/\/api.w.org\/{rel}","templated":true}]}}