{"id":632,"date":"2014-02-17T21:40:09","date_gmt":"2014-02-17T21:40:09","guid":{"rendered":"http:\/\/www.archerphoto.eu\/puntocom2013\/?p=632"},"modified":"2014-02-17T21:40:19","modified_gmt":"2014-02-17T21:40:19","slug":"julio-portet-bodybuilding-fitness-competition-team","status":"publish","type":"post","link":"https:\/\/pvgrkdwu.a2hosted.com\/archerphotopuntocom\/julio-portet-bodybuilding-fitness-competition-team\/","title":{"rendered":"Julio Portet Bodybuilding and Fitness Competition Team Video"},"content":{"rendered":"<h1>Julio Portet Bodybuilding and Fitness Competition Team Video<\/h1>\n<p>Although <strong>photography<\/strong> is my main activity, <strong>videos<\/strong> are an important part of my job . Cameras today allow an important quality results , but \u00a0they require , as it&#8217;s always happened, a later intense work editing . In fact , it is very common that the recording and production can take less than a day but the editing and postproduction require considerable additional work .<br \/>\nIn the production of this video we were using just a little light. We chose a day with actual standard training team members . In some shots with the girls, we had a bit more planning and action , but overall it is a similar image \u00a0to what you would see on any other Saturday: machinery and a meal with salad, rice and chicken.<br \/>\n<a href=\"https:\/\/pvgrkdwu.a2hosted.com\/archerphotopuntocom\/julio-portet-bodybuilding-fitness-competition-team\/img_9974_small\/\" rel=\"attachment wp-att-635\"><img loading=\"lazy\" decoding=\"async\" class=\"aligncenter size-large wp-image-635\" alt=\"Bodybuilding and Fitness\" src=\"https:\/\/pvgrkdwu.a2hosted.com\/archerphotopuntocom\/wp-content\/uploads\/2014\/02\/IMG_9974_small-1024x682.jpg\" width=\"640\" height=\"426\" \/><\/a><br \/>\nIn this video you can see members of the Julio Portet Competition Team in addition to himself: Sento Olombrada , Ana Maria Insa , Mar\u00eda Herranz, V\u00edctor Garc\u00eda , Ricardo Alarc\u00f3n , Jorge Calvo and David Alc\u00e1zar . It is recorded in Fitnessland , Canet , Valencia, and the music is <em>Summon The Rawk<\/em> , Kevin MacLeod . The team won multiple titles during 2013 , highlighting Sento Olombrada Overall Spanish Champion and Ana Maria Insa, Spanish Champion in Fitness in AEFF Spanish National Championship in Antequera , M\u00e1laga .<\/p>\n<p>&nbsp;<\/p>\n<p><iframe loading=\"lazy\" src=\"\/\/www.youtube.com\/embed\/oEbw1aBRaOs\" height=\"360\" width=\"640\" allowfullscreen=\"\" frameborder=\"0\"><\/iframe><\/p>\n","protected":false},"excerpt":{"rendered":"<p>Julio Portet Bodybuilding and Fitness Competition Team Video Although photography is my main activity, videos are an important part of my job . Cameras today allow an important quality results , but \u00a0they require , as it&#8217;s always happened, a later intense work editing . In fact , it is very common that the recording &hellip; <\/p>\n<p class=\"link-more\"><a href=\"https:\/\/pvgrkdwu.a2hosted.com\/archerphotopuntocom\/julio-portet-bodybuilding-fitness-competition-team\/\" class=\"more-link\">Continue reading<span class=\"screen-reader-text\"> &#8220;Julio Portet Bodybuilding and Fitness Competition Team Video&#8221;<\/span><\/a><\/p>\n","protected":false},"author":1,"featured_media":637,"comment_status":"open","ping_status":"open","sticky":false,"template":"","format":"standard","meta":{"footnotes":""},"categories":[70],"tags":[],"class_list":["post-632","post","type-post","status-publish","format-standard","has-post-thumbnail","hentry","category-video"],"aioseo_notices":[],"_links":{"self":[{"href":"https:\/\/pvgrkdwu.a2hosted.com\/archerphotopuntocom\/wp-json\/wp\/v2\/posts\/632","targetHints":{"allow":["GET"]}}],"collection":[{"href":"https:\/\/pvgrkdwu.a2hosted.com\/archerphotopuntocom\/wp-json\/wp\/v2\/posts"}],"about":[{"href":"https:\/\/pvgrkdwu.a2hosted.com\/archerphotopuntocom\/wp-json\/wp\/v2\/types\/post"}],"author":[{"embeddable":true,"href":"https:\/\/pvgrkdwu.a2hosted.com\/archerphotopuntocom\/wp-json\/wp\/v2\/users\/1"}],"replies":[{"embeddable":true,"href":"https:\/\/pvgrkdwu.a2hosted.com\/archerphotopuntocom\/wp-json\/wp\/v2\/comments?post=632"}],"version-history":[{"count":4,"href":"https:\/\/pvgrkdwu.a2hosted.com\/archerphotopuntocom\/wp-json\/wp\/v2\/posts\/632\/revisions"}],"predecessor-version":[{"id":638,"href":"https:\/\/pvgrkdwu.a2hosted.com\/archerphotopuntocom\/wp-json\/wp\/v2\/posts\/632\/revisions\/638"}],"wp:featuredmedia":[{"embeddable":true,"href":"https:\/\/pvgrkdwu.a2hosted.com\/archerphotopuntocom\/wp-json\/wp\/v2\/media\/637"}],"wp:attachment":[{"href":"https:\/\/pvgrkdwu.a2hosted.com\/archerphotopuntocom\/wp-json\/wp\/v2\/media?parent=632"}],"wp:term":[{"taxonomy":"category","embeddable":true,"href":"https:\/\/pvgrkdwu.a2hosted.com\/archerphotopuntocom\/wp-json\/wp\/v2\/categories?post=632"},{"taxonomy":"post_tag","embeddable":true,"href":"https:\/\/pvgrkdwu.a2hosted.com\/archerphotopuntocom\/wp-json\/wp\/v2\/tags?post=632"}],"curies":[{"name":"wp","href":"https:\/\/api.w.org\/{rel}","templated":true}]}}