{"id":1286,"date":"2015-12-29T12:55:06","date_gmt":"2015-12-29T12:55:06","guid":{"rendered":"http:\/\/www.archerphoto.com\/?p=1286"},"modified":"2015-12-29T12:55:06","modified_gmt":"2015-12-29T12:55:06","slug":"competitions-bikini-class-2015-open-hector-defez-castellon-spain","status":"publish","type":"post","link":"https:\/\/pvgrkdwu.a2hosted.com\/archerphotopuntocom\/competitions-bikini-class-2015-open-hector-defez-castellon-spain\/","title":{"rendered":"Competitions: Bikini Class 2015, Open H\u00e9ctor Defez in Castell\u00f3n, Spain"},"content":{"rendered":"<p>Bikini Class usually arouses more interest than any other in bodybuilding and fitness championships. It is actually the entry class for women, while men enter into Men&#8217;s Fashion or Physique. Or something like that because often classes are named a little different, not to mention that each organizer named as you want. Lately I&#8217;ve been to some championships, both AEFF (NAC) and IFBB, which are currently the two most powerful federations, at least in Spain.<br \/>\nIn the higher classes, men and women they have more muscle, so there&#8217;s always discussions in the public on the tastes of each other on the amount of muscle and how much it motivates each each physical.<br \/>\nI have chosen this competition -the Hector Defez Open (IFBB), held on September 12th 2015 specifically for two reasons: because the level was much higher than that of a standard regional championship and because the winner got a photographic portfolio by me as a prize.<\/p>\n<h2>Bikini Class<\/h2>\n<figure style=\"width: 1000px\" class=\"wp-caption alignnone\"><img loading=\"lazy\" decoding=\"async\" class=\"\" src=\"https:\/\/c2.staticflickr.com\/6\/5644\/23624465851_85a141cfa7_o.jpg\" alt=\"Claudia Fern\u00e1ndez, winner in Open H\u00e9ctor Defez, in Castell\u00f3n - Bikini Class\" width=\"1000\" height=\"1500\" \/><figcaption class=\"wp-caption-text\">Claudia Fern\u00e1ndez, winner in Open H\u00e9ctor Defez, in Castell\u00f3n &#8211; Bikini Class.<\/figcaption><\/figure>\n<figure style=\"width: 800px\" class=\"wp-caption alignnone\"><img loading=\"lazy\" decoding=\"async\" src=\"https:\/\/c1.staticflickr.com\/1\/724\/22013985110_bb86b83805_o.jpg\" alt=\"M\u00f3nica Santos, in Open H\u00e9ctor Defez 2015, Bikini class, second place.\" width=\"800\" height=\"1200\" \/><figcaption class=\"wp-caption-text\">M\u00f3nica Santos, in\u00a0Open H\u00e9ctor Defez 2015, Bikini Class, second place.<\/figcaption><\/figure>\n<figure id=\"attachment_3480\" aria-describedby=\"caption-attachment-3480\" style=\"width: 660px\" class=\"wp-caption alignnone\"><a href=\"http:\/\/www.archerphoto.eu\/competiciones-categoria-bikini-2015-open\/img_8729_small-2\/\" rel=\"attachment wp-att-3480\"><img loading=\"lazy\" decoding=\"async\" class=\"size-large wp-image-3480\" src=\"http:\/\/www.archerphoto.eu\/wp-content\/uploads\/2015\/12\/IMG_8729_small-1-683x1024.jpg\" alt=\"Georgina Pedr\u00f3s, tercer puesto en el Open H\u00e9ctor Defez.\" width=\"660\" height=\"990\" \/><\/a><figcaption id=\"caption-attachment-3480\" class=\"wp-caption-text\">Georgina Pedr\u00f3s, third place in\u00a0Open H\u00e9ctor Defez.<\/figcaption><\/figure>\n<figure id=\"attachment_3483\" aria-describedby=\"caption-attachment-3483\" style=\"width: 660px\" class=\"wp-caption alignnone\"><a href=\"http:\/\/www.archerphoto.eu\/competiciones-categoria-bikini-2015-open\/img_8751_small\/\" rel=\"attachment wp-att-3483\"><img loading=\"lazy\" decoding=\"async\" class=\"size-large wp-image-3483\" src=\"http:\/\/www.archerphoto.eu\/wp-content\/uploads\/2015\/12\/IMG_8751_small-683x1024.jpg\" alt=\"Miri Calder\u00f3n en el Open H\u00e9ctor Defez.\" width=\"660\" height=\"990\" \/><\/a><figcaption id=\"caption-attachment-3483\" class=\"wp-caption-text\">Miri Calder\u00f3n in\u00a0Open H\u00e9ctor Defez.<\/figcaption><\/figure>\n<figure id=\"attachment_3484\" aria-describedby=\"caption-attachment-3484\" style=\"width: 660px\" class=\"wp-caption alignnone\"><a href=\"http:\/\/www.archerphoto.eu\/competiciones-categoria-bikini-2015-open\/img_8551_small\/\" rel=\"attachment wp-att-3484\"><img loading=\"lazy\" decoding=\"async\" class=\"size-large wp-image-3484\" src=\"http:\/\/www.archerphoto.eu\/wp-content\/uploads\/2015\/12\/IMG_8551_small-683x1024.jpg\" alt=\"Yolanda Romero en el Open H\u00e9ctor Defez.\" width=\"660\" height=\"990\" \/><\/a><figcaption id=\"caption-attachment-3484\" class=\"wp-caption-text\">Yolanda Romero in Open H\u00e9ctor Defez.<\/figcaption><\/figure>\n<p>Finally, a picture out of competition. As soon as fhe awards were presented \u00a0I was flying to backstage to take a picture of Claudia, the brand new champion, with the check. It is quite logical that just as the championship ends, athletes are wishing some relax and often even go away from the premises, and \u00a0I did not want to miss the opportunity.<\/p>\n<figure id=\"attachment_3486\" aria-describedby=\"caption-attachment-3486\" style=\"width: 660px\" class=\"wp-caption alignnone\"><a href=\"http:\/\/www.archerphoto.eu\/competiciones-categoria-bikini-2015-open\/img_0256_small\/\" rel=\"attachment wp-att-3486\"><img loading=\"lazy\" decoding=\"async\" class=\"size-large wp-image-3486\" src=\"http:\/\/www.archerphoto.eu\/wp-content\/uploads\/2015\/12\/IMG_0256_small-765x1024.jpg\" alt=\"Claudia Fern\u00e1ndez, ganadora de la categor\u00eda Bikini\" width=\"660\" height=\"883\" \/><\/a><figcaption id=\"caption-attachment-3486\" class=\"wp-caption-text\">Claudia Fern\u00e1ndez con el cheque por un book fotogr\u00e1fico.<\/figcaption><\/figure>\n<p>I am\u00a0Sergi Albir, professional photographer. If you want to contact me, <a href=\"mailto:sergi@archerphoto.eu\">sergi@archerphoto.eu<\/a>\u00a0is the easiest way. You can also try the phone, +34 644459753, with\u00a0Whatsapp and Telegram.<\/p>\n","protected":false},"excerpt":{"rendered":"<p>Bikini Class usually arouses more interest than any other in bodybuilding and fitness championships. It is actually the entry class for women, while men enter into Men&#8217;s Fashion or Physique. Or something like that because often classes are named a little different, not to mention that each organizer named as you want. Lately I&#8217;ve been &hellip; <\/p>\n<p class=\"link-more\"><a href=\"https:\/\/pvgrkdwu.a2hosted.com\/archerphotopuntocom\/competitions-bikini-class-2015-open-hector-defez-castellon-spain\/\" class=\"more-link\">Continue reading<span class=\"screen-reader-text\"> &#8220;Competitions: Bikini Class 2015, Open H\u00e9ctor Defez in Castell\u00f3n, Spain&#8221;<\/span><\/a><\/p>\n","protected":false},"author":1,"featured_media":1291,"comment_status":"open","ping_status":"open","sticky":false,"template":"","format":"standard","meta":{"footnotes":""},"categories":[49,8,115,93],"tags":[131],"class_list":["post-1286","post","type-post","status-publish","format-standard","has-post-thumbnail","hentry","category-people-2","category-photography","category-professional-photographer-in-spain","category-professional-photographer-in-valencia","tag-bikini-ifbb"],"aioseo_notices":[],"_links":{"self":[{"href":"https:\/\/pvgrkdwu.a2hosted.com\/archerphotopuntocom\/wp-json\/wp\/v2\/posts\/1286","targetHints":{"allow":["GET"]}}],"collection":[{"href":"https:\/\/pvgrkdwu.a2hosted.com\/archerphotopuntocom\/wp-json\/wp\/v2\/posts"}],"about":[{"href":"https:\/\/pvgrkdwu.a2hosted.com\/archerphotopuntocom\/wp-json\/wp\/v2\/types\/post"}],"author":[{"embeddable":true,"href":"https:\/\/pvgrkdwu.a2hosted.com\/archerphotopuntocom\/wp-json\/wp\/v2\/users\/1"}],"replies":[{"embeddable":true,"href":"https:\/\/pvgrkdwu.a2hosted.com\/archerphotopuntocom\/wp-json\/wp\/v2\/comments?post=1286"}],"version-history":[{"count":5,"href":"https:\/\/pvgrkdwu.a2hosted.com\/archerphotopuntocom\/wp-json\/wp\/v2\/posts\/1286\/revisions"}],"predecessor-version":[{"id":1292,"href":"https:\/\/pvgrkdwu.a2hosted.com\/archerphotopuntocom\/wp-json\/wp\/v2\/posts\/1286\/revisions\/1292"}],"wp:featuredmedia":[{"embeddable":true,"href":"https:\/\/pvgrkdwu.a2hosted.com\/archerphotopuntocom\/wp-json\/wp\/v2\/media\/1291"}],"wp:attachment":[{"href":"https:\/\/pvgrkdwu.a2hosted.com\/archerphotopuntocom\/wp-json\/wp\/v2\/media?parent=1286"}],"wp:term":[{"taxonomy":"category","embeddable":true,"href":"https:\/\/pvgrkdwu.a2hosted.com\/archerphotopuntocom\/wp-json\/wp\/v2\/categories?post=1286"},{"taxonomy":"post_tag","embeddable":true,"href":"https:\/\/pvgrkdwu.a2hosted.com\/archerphotopuntocom\/wp-json\/wp\/v2\/tags?post=1286"}],"curies":[{"name":"wp","href":"https:\/\/api.w.org\/{rel}","templated":true}]}}